{"id":4004,"date":"2017-11-06T14:13:10","date_gmt":"2017-11-06T13:13:10","guid":{"rendered":"http:\/\/www.ispas-ev.de\/?p=4004"},"modified":"2017-11-06T14:35:22","modified_gmt":"2017-11-06T13:35:22","slug":"zurueck-in-die-zukunft-back-to-the-future-2","status":"publish","type":"post","link":"https:\/\/test.ispas-ev.de\/?p=4004","title":{"rendered":"\u201eZur\u00fcck in die Zukunft \u2013 Back to the future\u201c"},"content":{"rendered":"<div id='gallery-1' class='gallery galleryid-4004 gallery-columns-2 gallery-size-medium'><figure class='gallery-item'>\n\t\t\t<div class='gallery-icon landscape'>\n\t\t\t\t<a href='https:\/\/test.ispas-ev.de\/wp-content\/uploads\/2017\/09\/Erasmus_plus.png'><img width=\"248\" height=\"64\" src=\"https:\/\/test.ispas-ev.de\/wp-content\/uploads\/2017\/09\/Erasmus_plus.png\" class=\"attachment-medium size-medium\" alt=\"\" decoding=\"async\" loading=\"lazy\" \/><\/a>\n\t\t\t<\/div><\/figure><figure class='gallery-item'>\n\t\t\t<div class='gallery-icon landscape'>\n\t\t\t\t<a href='https:\/\/test.ispas-ev.de\/wp-content\/uploads\/2017\/09\/Jugend_fuer_Europa.png'><img width=\"300\" height=\"104\" src=\"https:\/\/test.ispas-ev.de\/wp-content\/uploads\/2017\/09\/Jugend_fuer_Europa-300x104.png\" class=\"attachment-medium size-medium\" alt=\"\" decoding=\"async\" loading=\"lazy\" srcset=\"https:\/\/test.ispas-ev.de\/wp-content\/uploads\/2017\/09\/Jugend_fuer_Europa-300x104.png 300w, https:\/\/test.ispas-ev.de\/wp-content\/uploads\/2017\/09\/Jugend_fuer_Europa.png 356w\" sizes=\"(max-width: 300px) 100vw, 300px\" \/><\/a>\n\t\t\t<\/div><\/figure>\n\t\t<\/div>\n\n<h4>Wie sieht dein Land in 20 Jahren aus?<\/h4>\n<p style=\"text-align: justify;\"><strong>Dies ist das Thema der diesj\u00e4hrigen Europ\u00e4ischen Jugendbegegnung 2017, die in der Zeit vom 10. bis 21. November in Sindelfingen stattfindet.<\/strong><\/p>\n<p style=\"text-align: justify;\">Der Verein \u201eInitiative St\u00e4dtepartnerschaften Sindelfingen e.V. (ISPAS) freut sich sehr, dass zum achten Mal Gelder der EU \u00fcber das europ\u00e4ische F\u00f6rderprogramm \u00abErasmus+ Jugend in Aktion\u00bb genehmigt wurden, um ein gro\u00dfes, partnerschaftliches Jugendprojekt durchzuf\u00fchren. Das interessante Thema wird innerhalb weniger Tage von den teilnehmenden Jugendlichen aus Deutschland, England, Frankreich, Italien, Kroatien, Polen und Ungarn erarbeitet. und in einer Theater-Performance&nbsp; aufgef\u00fchrt. Die Dozentinnen, langj\u00e4hrige Mitwirkende der Jugendprojekte des Vereins ISPAS, Annette von der M\u00fclbe und Anke Marx konnten auch f\u00fcr das diesj\u00e4hrige Projekt gewonnen werden.<\/p>\n<p style=\"text-align: justify;\">Insgesamt nehmen 40 Jugendliche an diesem EU-Projekt teil, Alle treffen sich erstmals am Samstag, 11. November. Nach Begr\u00fc\u00dfung durch den Verein und einer Stadtf\u00fchrung stellen die Jugendlichen am Nachmittag ihre Schule, ihre Stadt und ihr Land vor. Am Abend um 19 Uhr findet im Gemeindehaus St. Maria, Goldbergstra\u00dfe, der erste gemeinsame kulinarische L\u00e4nderabend statt, zu dem herzlich eingeladen wird. Chelm \/ Polen kocht und stellt ihre Schule und ihre Stadt vor. Weitere kulinarische L\u00e4nderabende finden mit Gy\u00f6r \/ Ungarn (12. November), Sondrio \/ Italien (16. November) und Jastrebarsko &nbsp;\/ Kroatien (am 17. November) statt.<\/p>\n<p style=\"text-align: justify;\">Die ganze Gruppe mit allen Begleitlehrpersonen f\u00e4hrt am Mittwoch, 15. November, nach Stra\u00dfburg um die EU-Stadt kennenzulernen und einen Bezug zur Arbeit der EU zu bekommen. Diese Fahrt wird von der Stadt Sindelfingen, Abteilung Internationale Beziehungen, Schwerpunkt \u201eEUROPA\u201c organisiert. Am 16. November erh\u00e4lt die gesamte Gruppe eine zweist\u00fcndige Werkf\u00fchrung Sindelfinger Mercedes-Benz-Werk \/ Daimler.<\/p>\n<p style=\"text-align: justify;\">Jedoch die meiste Zeit wird streng f\u00fcr das EU-Projekt gearbeitet. Der Workshop und die Proben finden alle im Jugendhaus \u201eDas S\u00fcd\u201c statt. Dorthin wird herzlich zu den beiden Auff\u00fchrungen am Samstag, 18. und Sonntag, 19. November jeweils um 19 Uhr, eingeladen. <strong>\u201eZur\u00fcck in die Zukunft \u2013 Back to the future\u201c &#8211;&nbsp; Wie sieht dein Land in 20 Jahren aus?<\/strong> Was die Jugendlichen durch ihre Gedanken und Ideen zusammen mit ihren Dozentinnen erarbeiten \u2013 darauf kann man nur gespannt sein -, aber es wird bestimmt ein einschneidendes Erlebnis werden.<\/p>\n<p style=\"text-align: justify;\">Kommen Sie zu den Vorstellungen ins Jugendhaus \u201eDas S\u00fcd\u201c in der Schwertstra\u00dfe 11\/1, Sindelfingen. Der Eintritt ist frei, Spenden sind jederzeit willkommen.<\/p>\n<p><a href=\"http:\/\/www.ispas-ev.de\/wp-content\/uploads\/2017\/11\/2017-11-01-Zeitplan_bunt_Jugendbegegnung.pdf\" target=\"_blank\" rel=\"noopener\">Zeitplan Jugendbegegnung als PDF<\/a><\/p>\n<p><a href=\"http:\/\/www.ispas-ev.de\/wp-content\/uploads\/2017\/11\/2017-Zeitplan_Team_Workshop_Tagesplanung_final.pdf\" target=\"_blank\" rel=\"noopener\">Zeitplan Team Workshop als PDF<\/a><\/p>\n","protected":false},"excerpt":{"rendered":"<p>Wie sieht dein Land in 20 Jahren aus? Dies ist das Thema der diesj\u00e4hrigen Europ\u00e4ischen Jugendbegegnung 2017, die in der Zeit vom 10. bis 21. November in Sindelfingen stattfindet. Der [&hellip;]<\/p>\n","protected":false},"author":8,"featured_media":4022,"comment_status":"closed","ping_status":"closed","sticky":false,"template":"","format":"standard","meta":{"ngg_post_thumbnail":0},"categories":[44,45,26,46],"tags":[],"_links":{"self":[{"href":"https:\/\/test.ispas-ev.de\/index.php?rest_route=\/wp\/v2\/posts\/4004"}],"collection":[{"href":"https:\/\/test.ispas-ev.de\/index.php?rest_route=\/wp\/v2\/posts"}],"about":[{"href":"https:\/\/test.ispas-ev.de\/index.php?rest_route=\/wp\/v2\/types\/post"}],"author":[{"embeddable":true,"href":"https:\/\/test.ispas-ev.de\/index.php?rest_route=\/wp\/v2\/users\/8"}],"replies":[{"embeddable":true,"href":"https:\/\/test.ispas-ev.de\/index.php?rest_route=%2Fwp%2Fv2%2Fcomments&post=4004"}],"version-history":[{"count":14,"href":"https:\/\/test.ispas-ev.de\/index.php?rest_route=\/wp\/v2\/posts\/4004\/revisions"}],"predecessor-version":[{"id":4017,"href":"https:\/\/test.ispas-ev.de\/index.php?rest_route=\/wp\/v2\/posts\/4004\/revisions\/4017"}],"wp:featuredmedia":[{"embeddable":true,"href":"https:\/\/test.ispas-ev.de\/index.php?rest_route=\/wp\/v2\/media\/4022"}],"wp:attachment":[{"href":"https:\/\/test.ispas-ev.de\/index.php?rest_route=%2Fwp%2Fv2%2Fmedia&parent=4004"}],"wp:term":[{"taxonomy":"category","embeddable":true,"href":"https:\/\/test.ispas-ev.de\/index.php?rest_route=%2Fwp%2Fv2%2Fcategories&post=4004"},{"taxonomy":"post_tag","embeddable":true,"href":"https:\/\/test.ispas-ev.de\/index.php?rest_route=%2Fwp%2Fv2%2Ftags&post=4004"}],"curies":[{"name":"wp","href":"https:\/\/api.w.org\/{rel}","templated":true}]}}