{"id":3984,"date":"2017-10-23T13:49:05","date_gmt":"2017-10-23T11:49:05","guid":{"rendered":"http:\/\/www.ispas-ev.de\/?p=3984"},"modified":"2017-10-24T10:55:50","modified_gmt":"2017-10-24T08:55:50","slug":"europaeisches-jugendprojekt-im-november-2017","status":"publish","type":"post","link":"https:\/\/test.ispas-ev.de\/?p=3984","title":{"rendered":"Europ\u00e4isches Jugendprojekt im November 2017"},"content":{"rendered":"<figure id=\"attachment_3987\" aria-describedby=\"caption-attachment-3987\" style=\"width: 1024px\" class=\"wp-caption alignnone\"><a href=\"http:\/\/www.ispas-ev.de\/wp-content\/uploads\/2017\/10\/EuropaO_.jpg\"><img decoding=\"async\" loading=\"lazy\" class=\"size-large wp-image-3987\" src=\"http:\/\/www.ispas-ev.de\/wp-content\/uploads\/2017\/10\/EuropaO_-1024x831.jpg\" alt=\"\" height=\"831\" width=\"1024\" srcset=\"https:\/\/test.ispas-ev.de\/wp-content\/uploads\/2017\/10\/EuropaO_-1024x831.jpg 1024w, https:\/\/test.ispas-ev.de\/wp-content\/uploads\/2017\/10\/EuropaO_-300x243.jpg 300w, https:\/\/test.ispas-ev.de\/wp-content\/uploads\/2017\/10\/EuropaO_-768x623.jpg 768w, https:\/\/test.ispas-ev.de\/wp-content\/uploads\/2017\/10\/EuropaO_.jpg 1240w\" sizes=\"(max-width: 1024px) 100vw, 1024px\" \/><\/a><figcaption id=\"caption-attachment-3987\" class=\"wp-caption-text\">Fotos: Max Genth<\/figcaption><\/figure>\n<h4 style=\"text-align: justify;\">\u201eZur\u00fcck in die Zukunft \u2013 Back to the future? Wie soll dein Land in 20 Jahren aussehen?\u201c<\/h4>\n<p style=\"text-align: justify;\"><strong>Reden ist silber, Ausdruck ist gold! Brauche ich Worte, um meinem Gegen\u00fcber zu erkl\u00e4ren, was ich von ihm m\u00f6chte? Nein &#8211; Mein Gesichtsausdruck und meine K\u00f6rpersprache k\u00f6nnen es ihm sagen!<\/strong><\/p>\n<p style=\"text-align: justify;\">Den Beweis haben die beiden Theaterp\u00e4dagoginnen Annette von der M\u00fclbe und Anke Marx bei unserem Vorbereitungstreffen im September mit den G\u00e4sten der 6 europ\u00e4ischen Partnerschulen erbracht. K\u00f6nnen sich Jugendliche auch ohne Sprache verstehen? K\u00f6nnen sie Toleranz und Verst\u00e4ndnis f\u00fcr einander entwickeln, egal ob Jugendliche aus Ungarn, Polen, Kroatien, England, Italien, Frankreich oder Deutschland kommen? Mit \u00dcbungen und Impressionen konnten die beiden P\u00e4dagoginnen den Begleitlehrerinnen und Jugendlichen sowie den Organisatoren der Jugendbegegnung ihre kreative, ganzheitliche Arbeitsweise nahe bringen, welche der diesj\u00e4hrigen interkulturellen Jugendbegegnung zugrunde liegt. Mit diesem ersten gemeinsamen Nachmittag legte sich bereits eine tolle solidarische und motivierte Stimmung \u00fcber die Teilnehmer\/-innen des Vorbereitungstreffens und blieb w\u00e4hrend der ganzen Tage von Donnerstag, 21.09.17 bis Sonntag, 24.09.17 erhalten.<\/p>\n<p style=\"text-align: justify;\">Um die europ\u00e4ische Jugendbegegnung f\u00fcr alle Partnerschulen erfolgreich zu gestalten, wurde an diesem langen Wochenende noch vieles gemeinsam besprochen und geplant: \u201eWie gestalten wir den Youthpass f\u00fcr unsere jugendlichen Teilnehmer\/-innen?&nbsp; Welche Fragen wollen wir in den Frageb\u00f6gen f\u00fcr die Bewertung der Jugendbegegnung stellen? Wie kann die Fotodokumentation am besten durch die Schulen aller 6 europ\u00e4ischen L\u00e4nder wandern?\u201c Mit guter Verbreitung und durch Analyse unserer Ergebnisse aus der Jugendbegegnung wollen wir auch das F\u00f6rderprogramm \u201eErasmus+ Jugendmobilit\u00e4t unterst\u00fctzen, \u00fcber welches wir die F\u00f6rdergelder zur Durchf\u00fchrung der Jugendbegegnung bekommen haben. Nat\u00fcrlich muss auch dem Organisatorischen bei einer interkulturellen Begegnung dieser Gr\u00f6\u00dfe &#8211; 50 Jugendliche mit Begleitlehrern bei einem Workshop von 10 Tagen und \u00f6ffentlicher Theater-Auff\u00fchrung &#8211; Rechnung getragen werden. Aber wir schaffen das!<\/p>\n<p><a href=\"http:\/\/www.ispas-ev.de\/wp-content\/uploads\/2017\/10\/21_.jpg\"><img decoding=\"async\" loading=\"lazy\" class=\"alignnone size-large wp-image-3988\" src=\"http:\/\/www.ispas-ev.de\/wp-content\/uploads\/2017\/10\/21_-1024x683.jpg\" alt=\"\" height=\"683\" width=\"1024\" srcset=\"https:\/\/test.ispas-ev.de\/wp-content\/uploads\/2017\/10\/21_-1024x683.jpg 1024w, https:\/\/test.ispas-ev.de\/wp-content\/uploads\/2017\/10\/21_-300x200.jpg 300w, https:\/\/test.ispas-ev.de\/wp-content\/uploads\/2017\/10\/21_-768x512.jpg 768w, https:\/\/test.ispas-ev.de\/wp-content\/uploads\/2017\/10\/21_.jpg 1536w\" sizes=\"(max-width: 1024px) 100vw, 1024px\" \/><\/a><\/p>\n<p style=\"text-align: justify;\">Mit unserem tollen ISPAS Team, den Gastfamilien und vielen ehrenamtlichen Helferinnen und Helfern freuen wir uns auf die internationale Jugendbegegnung vom 10. bis 21. November 2017. Wir laden Sie ganz herzlich zur abschlie\u00dfenden Theater-Performance am Samstag, den 18. November oder am Sonntag, den 19. November mit ihrer Familie und allen Interessierten ein. Ich verspreche Ihnen, es wird Spa\u00df machen!<\/p>\n","protected":false},"excerpt":{"rendered":"<p>\u201eZur\u00fcck in die Zukunft \u2013 Back to the future? Wie soll dein Land in 20 Jahren aussehen?\u201c Reden ist silber, Ausdruck ist gold! Brauche ich Worte, um meinem Gegen\u00fcber zu [&hellip;]<\/p>\n","protected":false},"author":18,"featured_media":3987,"comment_status":"closed","ping_status":"closed","sticky":false,"template":"","format":"standard","meta":{"ngg_post_thumbnail":0},"categories":[44,45,26],"tags":[],"_links":{"self":[{"href":"https:\/\/test.ispas-ev.de\/index.php?rest_route=\/wp\/v2\/posts\/3984"}],"collection":[{"href":"https:\/\/test.ispas-ev.de\/index.php?rest_route=\/wp\/v2\/posts"}],"about":[{"href":"https:\/\/test.ispas-ev.de\/index.php?rest_route=\/wp\/v2\/types\/post"}],"author":[{"embeddable":true,"href":"https:\/\/test.ispas-ev.de\/index.php?rest_route=\/wp\/v2\/users\/18"}],"replies":[{"embeddable":true,"href":"https:\/\/test.ispas-ev.de\/index.php?rest_route=%2Fwp%2Fv2%2Fcomments&post=3984"}],"version-history":[{"count":5,"href":"https:\/\/test.ispas-ev.de\/index.php?rest_route=\/wp\/v2\/posts\/3984\/revisions"}],"predecessor-version":[{"id":4025,"href":"https:\/\/test.ispas-ev.de\/index.php?rest_route=\/wp\/v2\/posts\/3984\/revisions\/4025"}],"wp:featuredmedia":[{"embeddable":true,"href":"https:\/\/test.ispas-ev.de\/index.php?rest_route=\/wp\/v2\/media\/3987"}],"wp:attachment":[{"href":"https:\/\/test.ispas-ev.de\/index.php?rest_route=%2Fwp%2Fv2%2Fmedia&parent=3984"}],"wp:term":[{"taxonomy":"category","embeddable":true,"href":"https:\/\/test.ispas-ev.de\/index.php?rest_route=%2Fwp%2Fv2%2Fcategories&post=3984"},{"taxonomy":"post_tag","embeddable":true,"href":"https:\/\/test.ispas-ev.de\/index.php?rest_route=%2Fwp%2Fv2%2Ftags&post=3984"}],"curies":[{"name":"wp","href":"https:\/\/api.w.org\/{rel}","templated":true}]}}