{"id":3946,"date":"2017-10-10T11:07:24","date_gmt":"2017-10-10T09:07:24","guid":{"rendered":"http:\/\/www.ispas-ev.de\/?p=3946"},"modified":"2017-10-10T11:12:41","modified_gmt":"2017-10-10T09:12:41","slug":"horizont-theater","status":"publish","type":"post","link":"https:\/\/test.ispas-ev.de\/?p=3946","title":{"rendered":"Horizont-Theater"},"content":{"rendered":"<figure id=\"attachment_3950\" aria-describedby=\"caption-attachment-3950\" style=\"width: 1024px\" class=\"wp-caption aligncenter\"><a href=\"http:\/\/www.ispas-ev.de\/wp-content\/uploads\/2017\/10\/EuropArt_Pressefoto_1.jpg\"><img decoding=\"async\" loading=\"lazy\" class=\"wp-image-3950 size-large\" src=\"http:\/\/www.ispas-ev.de\/wp-content\/uploads\/2017\/10\/EuropArt_Pressefoto_1-1024x768.jpg\" alt=\"Interkulturelle Performance EuropArt\" height=\"768\" width=\"1024\" srcset=\"https:\/\/test.ispas-ev.de\/wp-content\/uploads\/2017\/10\/EuropArt_Pressefoto_1-1024x768.jpg 1024w, https:\/\/test.ispas-ev.de\/wp-content\/uploads\/2017\/10\/EuropArt_Pressefoto_1-300x225.jpg 300w, https:\/\/test.ispas-ev.de\/wp-content\/uploads\/2017\/10\/EuropArt_Pressefoto_1-768x576.jpg 768w, https:\/\/test.ispas-ev.de\/wp-content\/uploads\/2017\/10\/EuropArt_Pressefoto_1.jpg 2048w\" sizes=\"(max-width: 1024px) 100vw, 1024px\" \/><\/a><figcaption id=\"caption-attachment-3950\" class=\"wp-caption-text\">Interkulturelle Performance EuropArt<\/figcaption><\/figure>\n<h4 style=\"text-align: justify;\">Herzliche Einladung!<\/h4>\n<p style=\"text-align: justify;\"><strong>Performance von Jugendlichen aus 3 St\u00e4dten im Rahmen der 34. Baden-W\u00fcrttembergischen Literaturtage. <\/strong><strong>Grundlage der Performance: Verse aus dem Gedichtszyklus von Peter H\u00e4rtling \u201eHorizonttheater\u201c.<\/strong><strong> Ein Jugendprojekt von ISPAS \u2013 Initiative St\u00e4dtepartnerschaften Sindelfingen.<\/strong><\/p>\n<p style=\"text-align: justify;\">Jugendliche im Alter von 15 \u2013 17 Jahre aus Frick (Schweiz), aus Torgau (Sachsen) und aus Sindelfingen (Gottlieb-Daimler-Schule II) treffen sich vom 17. bis 20. Oktober auf Einladung von ISPAS e.V., dem Sindelfinger Verein f\u00fcr St\u00e4dte-partnerschaften, f\u00fcr vier Tage.<\/p>\n<p style=\"text-align: justify;\">Peter H\u00e4rtling, der im Juli diesen Jahres im Alter von 83 Jahren gestorben ist, verlor als 13-J\u00e4hriger Vater und Mutter, und wuchs mit seiner Schwester &#8211; nach der Flucht aus M\u00e4hren &#8211; in N\u00fcrtingen auf. Er schrieb Romane, Erz\u00e4hlungen, autobiografische Schriften, Kinderb\u00fccher und Gedichte.<\/p>\n<p style=\"text-align: justify;\">Die Gedichte von HORIZONTTHEATER zeichnen sich aus durch ihre einfache Sch\u00f6nheit: \u201eDu, mit der Kinderstimme im Dunkeln: erz\u00e4hl von verlassenen Stra\u00dfen&#8230;\u201c Dies ist der Beginn des Gedichtes, das den Jugendlichen als Vorbereitung auf die Performance zugeschickt wurde und das sie zum Anlass f\u00fcr eigene freie Assoziationen nahmen.<\/p>\n<figure id=\"attachment_3952\" aria-describedby=\"caption-attachment-3952\" style=\"width: 1024px\" class=\"wp-caption aligncenter\"><a href=\"http:\/\/www.ispas-ev.de\/wp-content\/uploads\/2017\/10\/EuropArt_Pressefoto_2.jpg\"><img decoding=\"async\" loading=\"lazy\" class=\"size-large wp-image-3952\" src=\"http:\/\/www.ispas-ev.de\/wp-content\/uploads\/2017\/10\/EuropArt_Pressefoto_2-1024x768.jpg\" alt=\"\" height=\"768\" width=\"1024\" srcset=\"https:\/\/test.ispas-ev.de\/wp-content\/uploads\/2017\/10\/EuropArt_Pressefoto_2-1024x768.jpg 1024w, https:\/\/test.ispas-ev.de\/wp-content\/uploads\/2017\/10\/EuropArt_Pressefoto_2-300x225.jpg 300w, https:\/\/test.ispas-ev.de\/wp-content\/uploads\/2017\/10\/EuropArt_Pressefoto_2-768x576.jpg 768w, https:\/\/test.ispas-ev.de\/wp-content\/uploads\/2017\/10\/EuropArt_Pressefoto_2.jpg 2048w\" sizes=\"(max-width: 1024px) 100vw, 1024px\" \/><\/a><figcaption id=\"caption-attachment-3952\" class=\"wp-caption-text\">Interkulturelle Performance EuropArt<\/figcaption><\/figure>\n<p style=\"text-align: justify;\">Die Theaterp\u00e4dagoginnen und Regisseurinnen Annette von der M\u00fclbe und Anke Marx haben mit ihren interkulturellen Jugendprojekten immer wieder Aufsehen erregende Performances und Theaterst\u00fccke zur Auff\u00fchrung gebracht. Man kann gespannt sein, zu welchen gemeinsamen kreativen Gestaltungen die Jugendlichen aus Frick, Torgau und Sindelfingen zum Thema <strong>Horizont-Theater<\/strong> gelangen. Die Ergebnisse pr\u00e4sentieren sie am <strong>20. Oktober, 19.00 Uhr im Theaterkeller Sindelfingen. Der Eintritt ist frei, Spenden erbeten<\/strong>.<\/p>\n<p>Ulrich von der M\u00fclbe \/ Brigitte Stegmaier<\/p>\n","protected":false},"excerpt":{"rendered":"<p>Herzliche Einladung! Performance von Jugendlichen aus 3 St\u00e4dten im Rahmen der 34. Baden-W\u00fcrttembergischen Literaturtage. Grundlage der Performance: Verse aus dem Gedichtszyklus von Peter H\u00e4rtling \u201eHorizonttheater\u201c. Ein Jugendprojekt von ISPAS \u2013 [&hellip;]<\/p>\n","protected":false},"author":8,"featured_media":3949,"comment_status":"closed","ping_status":"closed","sticky":false,"template":"","format":"standard","meta":{"ngg_post_thumbnail":0},"categories":[44,45,26,19,30,21],"tags":[],"_links":{"self":[{"href":"https:\/\/test.ispas-ev.de\/index.php?rest_route=\/wp\/v2\/posts\/3946"}],"collection":[{"href":"https:\/\/test.ispas-ev.de\/index.php?rest_route=\/wp\/v2\/posts"}],"about":[{"href":"https:\/\/test.ispas-ev.de\/index.php?rest_route=\/wp\/v2\/types\/post"}],"author":[{"embeddable":true,"href":"https:\/\/test.ispas-ev.de\/index.php?rest_route=\/wp\/v2\/users\/8"}],"replies":[{"embeddable":true,"href":"https:\/\/test.ispas-ev.de\/index.php?rest_route=%2Fwp%2Fv2%2Fcomments&post=3946"}],"version-history":[{"count":5,"href":"https:\/\/test.ispas-ev.de\/index.php?rest_route=\/wp\/v2\/posts\/3946\/revisions"}],"predecessor-version":[{"id":3954,"href":"https:\/\/test.ispas-ev.de\/index.php?rest_route=\/wp\/v2\/posts\/3946\/revisions\/3954"}],"wp:featuredmedia":[{"embeddable":true,"href":"https:\/\/test.ispas-ev.de\/index.php?rest_route=\/wp\/v2\/media\/3949"}],"wp:attachment":[{"href":"https:\/\/test.ispas-ev.de\/index.php?rest_route=%2Fwp%2Fv2%2Fmedia&parent=3946"}],"wp:term":[{"taxonomy":"category","embeddable":true,"href":"https:\/\/test.ispas-ev.de\/index.php?rest_route=%2Fwp%2Fv2%2Fcategories&post=3946"},{"taxonomy":"post_tag","embeddable":true,"href":"https:\/\/test.ispas-ev.de\/index.php?rest_route=%2Fwp%2Fv2%2Ftags&post=3946"}],"curies":[{"name":"wp","href":"https:\/\/api.w.org\/{rel}","templated":true}]}}