{"id":3937,"date":"2017-09-08T15:42:42","date_gmt":"2017-09-08T13:42:42","guid":{"rendered":"http:\/\/www.ispas-ev.de\/?p=3937"},"modified":"2018-01-03T21:10:14","modified_gmt":"2018-01-03T20:10:14","slug":"nachruf-fuer-den-ehemaligen-stadtpraesidenten-von-schaffhausen","status":"publish","type":"post","link":"https:\/\/test.ispas-ev.de\/?p=3937","title":{"rendered":"Nachruf f\u00fcr den ehemaligen Stadtpr\u00e4sidenten von Schaffhausen"},"content":{"rendered":"<figure id=\"attachment_3939\" aria-describedby=\"caption-attachment-3939\" style=\"width: 800px\" class=\"wp-caption alignnone\"><a href=\"http:\/\/www.ispas-ev.de\/wp-content\/uploads\/2017\/09\/Dr.-iur.-Felix-Schwank.jpg\"><img decoding=\"async\" loading=\"lazy\" class=\"wp-image-3939 size-full\" src=\"http:\/\/www.ispas-ev.de\/wp-content\/uploads\/2017\/09\/Dr.-iur.-Felix-Schwank.jpg\" alt=\"Dr. iur. Felix Schwank\" width=\"800\" height=\"456\" srcset=\"https:\/\/test.ispas-ev.de\/wp-content\/uploads\/2017\/09\/Dr.-iur.-Felix-Schwank.jpg 800w, https:\/\/test.ispas-ev.de\/wp-content\/uploads\/2017\/09\/Dr.-iur.-Felix-Schwank-300x171.jpg 300w, https:\/\/test.ispas-ev.de\/wp-content\/uploads\/2017\/09\/Dr.-iur.-Felix-Schwank-768x438.jpg 768w\" sizes=\"(max-width: 800px) 100vw, 800px\" \/><\/a><figcaption id=\"caption-attachment-3939\" class=\"wp-caption-text\">Dr. iur. Felix Schwank \u2013 6.7.1922 &#8211; 4.8.2017<\/figcaption><\/figure>\n<p style=\"text-align: justify;\">Am Freitag, 4. August 2017 verstarb Felix Schwank nach kurzer, schwerer Krankheit nur wenige Wochen nach seinem 95. Geburtstag. Mit ihm verliert die Stadt Schaffhausen eine markante Pers\u00f6nlichkeit, die sich w\u00e4hrend einer langen politischen Laufbahn mit Herzblut f\u00fcr Schaffhausen eingesetzt und auch nach dem R\u00fccktritt aus der aktiven Politik bis ins hohe Alter weiterhin rege am Geschehen Anteil genommen hat.<\/p>\n<p style=\"text-align: justify;\">1960 wurde der damals erst 38-J\u00e4hrige in den Schaffhauser Stadtrat gew\u00e4hlt. Nach acht Jahren Stadtrat w\u00e4hlten ihn die Schaffhauser Stimmb\u00fcrger &#8211; den Schaffhauserinnen war damals das W\u00e4hlen und Abstimmen noch verwehrt &#8211; zu ihrem Stadtpr\u00e4sidenten. Zwanzig Jahre blieb Felix Schwank im Amt, unbestritten, wenn auch nicht immer von allen gleicherma\u00dfen geliebt. Felix Schwank setzte mit einer neuen Bauordnung und der verkehrsfreien Innenstadt wichtige Akzente bei der Stadtentwicklung Schaffhausens. Ferner f\u00f6rderte er kulturelle Institutionen wie Museum zu Allerheiligen, Stadttheater, Bibliotheken und Stadtarchiv. Durch seine klaren Vorstellungen und seinen Willen, zu gestalten statt zu verwalten, pr\u00e4gte er die Stadt w\u00e4hrend zweier Jahrzehnte. Mit besonderer Hingabe widmete er sich der F\u00f6rderung von Kunst und Kultur und im Besonderen der F\u00f6rderung neuer k\u00fcnstlerischer Richtungen. Durch seine nat\u00fcrliche Autorit\u00e4t wie auch durch seine pers\u00f6nliche Ausstrahlung war Felix Schwank zu einer Vaterfigur, zu einem Stadtvater, geworden. Seine Amtszeit ging deshalb auch als \u00ab\u00c4ra Schwank\u00bb in die Stadtgeschichte ein. Felix Schwank geh\u00f6rte nicht zu jenen Politikern, die unauff\u00e4llig im Strom schwimmen. Er vertrat stets seine eigene Meinung, fand aber auch immer Ansatzpunkte zu vermitteln. Er konnte ein recht unbequemer und hartn\u00e4ckiger Gespr\u00e4chspartner sein; doch gaben seine Standpunkte immer wieder zu Diskussionen Anlass, die stets respektvoll und auf demokratische Weise gef\u00fchrt wurden. F\u00fcr vergangene Ereignisse konnte er sich stets auf seine Tagebuchnotizen verlassen, die er sorgsam aufbewahrte. Felix Schwank hatte gesundheitlich auch im hohen Alter kaum Probleme, auch im Geist war er jung geblieben. Bis auf sein Geh\u00f6r. Es war traurig, als er, naturverbunden wie er stets war, eines Tages sagen musste, &#8222;auf einmal h\u00f6rte ich im Wald die V\u00f6gel nicht mehr, pl\u00f6tzlich war es totenstill&#8220;. Trotzdem wusste er auch damit umzugehen und verfolgte bis in die letzten Tage seines Lebens das Geschehen in nah und fern.<\/p>\n<p style=\"text-align: justify;\">Neben vielf\u00e4ltigen Kontakten zu Kommunen unterh\u00e4lt die Stadt Sindelfingen derzeit sieben offizielle St\u00e4dtepartnerschaften und langj\u00e4hrige Freundschaften mit europ\u00e4ischen Partnern. Die erste St\u00e4dtefreundschaft besteht seit 1948 mit Schaffhausen in der Schweiz. 1952 wurde diese Freundschaft mit einem Vertrag durch den damaligen Sindelfinger Oberb\u00fcrgermeister Arthur Gruber und dem Schaffhauser Stadtpr\u00e4sident Felix Schwank besiegelt. Die beiden M\u00e4nner verband eine jahrelange Freundschaft, die sich nicht nur privat, sondern auch in st\u00e4dtebaulichen und organisatorischen Fragen auswirkte. Der ehemalige Sindelfinger Kulturamtsleiter Dieter E. H\u00fclle hatte zu Felix Schwank ebenfalls freundschaftliche Kontakte. Einige Male lud er zu einer Lesung ins Foyer des Rathauses nach Sindelfingen ein, wo Felix Schwank aus seinen, von ihm erschienenen B\u00fcchern und Aufzeichnungen vorlas.<\/p>\n<p>&nbsp;<\/p>\n<p>&nbsp;<\/p>\n","protected":false},"excerpt":{"rendered":"<p>Am Freitag, 4. August 2017 verstarb Felix Schwank nach kurzer, schwerer Krankheit nur wenige Wochen nach seinem 95. Geburtstag. Mit ihm verliert die Stadt Schaffhausen eine markante Pers\u00f6nlichkeit, die sich [&hellip;]<\/p>\n","protected":false},"author":8,"featured_media":3938,"comment_status":"closed","ping_status":"closed","sticky":false,"template":"","format":"standard","meta":{"ngg_post_thumbnail":0},"categories":[44,40,19],"tags":[],"_links":{"self":[{"href":"https:\/\/test.ispas-ev.de\/index.php?rest_route=\/wp\/v2\/posts\/3937"}],"collection":[{"href":"https:\/\/test.ispas-ev.de\/index.php?rest_route=\/wp\/v2\/posts"}],"about":[{"href":"https:\/\/test.ispas-ev.de\/index.php?rest_route=\/wp\/v2\/types\/post"}],"author":[{"embeddable":true,"href":"https:\/\/test.ispas-ev.de\/index.php?rest_route=\/wp\/v2\/users\/8"}],"replies":[{"embeddable":true,"href":"https:\/\/test.ispas-ev.de\/index.php?rest_route=%2Fwp%2Fv2%2Fcomments&post=3937"}],"version-history":[{"count":4,"href":"https:\/\/test.ispas-ev.de\/index.php?rest_route=\/wp\/v2\/posts\/3937\/revisions"}],"predecessor-version":[{"id":3943,"href":"https:\/\/test.ispas-ev.de\/index.php?rest_route=\/wp\/v2\/posts\/3937\/revisions\/3943"}],"wp:featuredmedia":[{"embeddable":true,"href":"https:\/\/test.ispas-ev.de\/index.php?rest_route=\/wp\/v2\/media\/3938"}],"wp:attachment":[{"href":"https:\/\/test.ispas-ev.de\/index.php?rest_route=%2Fwp%2Fv2%2Fmedia&parent=3937"}],"wp:term":[{"taxonomy":"category","embeddable":true,"href":"https:\/\/test.ispas-ev.de\/index.php?rest_route=%2Fwp%2Fv2%2Fcategories&post=3937"},{"taxonomy":"post_tag","embeddable":true,"href":"https:\/\/test.ispas-ev.de\/index.php?rest_route=%2Fwp%2Fv2%2Ftags&post=3937"}],"curies":[{"name":"wp","href":"https:\/\/api.w.org\/{rel}","templated":true}]}}