{"id":3933,"date":"2017-09-08T15:25:41","date_gmt":"2017-09-08T13:25:41","guid":{"rendered":"http:\/\/www.ispas-ev.de\/?p=3933"},"modified":"2018-01-03T15:37:09","modified_gmt":"2018-01-03T14:37:09","slug":"schreibarbeit-literaturtage-boeblingen-sindelfingen","status":"publish","type":"post","link":"https:\/\/test.ispas-ev.de\/?p=3933","title":{"rendered":"Schreibarbeit &#8211; Literaturtage B\u00f6blingen \/ Sindelfingen"},"content":{"rendered":"<p><strong>Der Verein \u201eInitiative St\u00e4dtepartnerschaften Sindelfingen\u201c (ISPAS) beteiligt sich an den <a href=\"http:\/\/www.ispas-ev.de\/wp-content\/uploads\/2011\/07\/ISPAS-Baum.jpg\"><img decoding=\"async\" loading=\"lazy\" class=\"alignright size-thumbnail wp-image-586\" src=\"http:\/\/www.ispas-ev.de\/wp-content\/uploads\/2011\/07\/ISPAS-Baum-150x150.jpg\" alt=\"\" width=\"150\" height=\"150\" srcset=\"https:\/\/test.ispas-ev.de\/wp-content\/uploads\/2011\/07\/ISPAS-Baum-150x150.jpg 150w, https:\/\/test.ispas-ev.de\/wp-content\/uploads\/2011\/07\/ISPAS-Baum-90x90.jpg 90w\" sizes=\"(max-width: 150px) 100vw, 150px\" \/><\/a>diesj\u00e4hrigen <a href=\"http:\/\/schreibarbeit2017.de\/\">Literaturtagen B\u00f6blingen \/ Sindelfingen<\/a>, deren Leitthema \u201e<a href=\"http:\/\/schreibarbeit2017.de\/\">Schreibarbeit<\/a>\u201c ist, mit einem Jugendprogramm:<\/strong><\/p>\n<p>Jugendliche im Alter von 15 \u2013 18 Jahren aus der Schweiz, Torgau und Sindelfingen, also maximal 12 bis 15 Jugendliche, treffen sich vom 17. &#8211; 20. Oktober in Sindelfingen zu einer Schreib-Performance-Werkstatt unter Anleitung der Theaterp\u00e4dagoginnen und Regisseurinnen Anke Marx und Annette von der M\u00fclbe.<\/p>\n<p>Thema dieser Schreib-Performance-Werkstatt ist \u201eHORIZONTTHEATER\u201c. Dies ist der Titel eines Gedichtzyklus von Peter H\u00e4rtling. Aus diesen Gedichten haben die beiden Theaterp\u00e4dagoginnen folgende Verse als Impuls f\u00fcr die Jugendlichen ausgew\u00e4hlt:<\/p>\n<p style=\"text-align: center;\"><strong>Du,<\/strong><br \/>\n<strong>mit der Kinderstimme im Dunkeln:<\/strong><br \/>\n<strong>erz\u00e4hl von verlassenen<\/strong><br \/>\n<strong>Stra\u00dfen,<\/strong><br \/>\n<strong>\u2026<\/strong><br \/>\n<strong>und <\/strong><br \/>\n<strong>der halbierten Br\u00fccke,<\/strong><br \/>\n<strong>du,<\/strong><br \/>\n<strong>erz\u00e4hl,<\/strong><br \/>\n<strong>wie dein Land<\/strong><br \/>\n<strong>verschwand.<\/strong><\/p>\n<p>In einer Vorbereitungsphase bitten wir die Jugendlichen darum, zu diesen Zeilen etwas zu schreiben (Gedicht, Erz\u00e4hlung, Tagebucheintrag, Brief usw.) und uns dies zu schicken. Wenn sie m\u00f6chten, k\u00f6nnen sie uns zus\u00e4tzlich auch Fotos oder Collagen, die sie selbst angefertigt haben, schicken.<\/p>\n<p>Auf der Grundlage dieser Schreibarbeit, Fotos und Collagen bereiten die beiden Theaterp\u00e4dagoginnen den Workshop vor.<\/p>\n<p>Der Ablauf dieses Workshops sieht wie folgt aus: Dienstag, 17.10., Mittwoch, 18.10. und Donnerstag 19.10., findet von 9.00 \u2013 13.00 Uhr das Arbeiten mit den beiden Theaterp\u00e4dagoginnen statt. Am Nachmittag dann das von ISPAS organisierte Beiprogramm.<\/p>\n<p>Am Freitag, 20.10. geht der Workshop \u00fcber acht Stunden. Er endet mit einer Performance der Jugendlichen im Theaterkeller, Vaihinger Stra\u00dfe 14. Der Eintritt ist frei, Spenden sind erw\u00fcnscht.<\/p>\n<p>&nbsp;<\/p>\n","protected":false},"excerpt":{"rendered":"<p>Der Verein \u201eInitiative St\u00e4dtepartnerschaften Sindelfingen\u201c (ISPAS) beteiligt sich an den diesj\u00e4hrigen Literaturtagen B\u00f6blingen \/ Sindelfingen, deren Leitthema \u201eSchreibarbeit\u201c ist, mit einem Jugendprogramm: Jugendliche im Alter von 15 \u2013 18 Jahren [&hellip;]<\/p>\n","protected":false},"author":8,"featured_media":3936,"comment_status":"closed","ping_status":"closed","sticky":false,"template":"","format":"standard","meta":{"ngg_post_thumbnail":0},"categories":[44,48,19,30,21],"tags":[],"_links":{"self":[{"href":"https:\/\/test.ispas-ev.de\/index.php?rest_route=\/wp\/v2\/posts\/3933"}],"collection":[{"href":"https:\/\/test.ispas-ev.de\/index.php?rest_route=\/wp\/v2\/posts"}],"about":[{"href":"https:\/\/test.ispas-ev.de\/index.php?rest_route=\/wp\/v2\/types\/post"}],"author":[{"embeddable":true,"href":"https:\/\/test.ispas-ev.de\/index.php?rest_route=\/wp\/v2\/users\/8"}],"replies":[{"embeddable":true,"href":"https:\/\/test.ispas-ev.de\/index.php?rest_route=%2Fwp%2Fv2%2Fcomments&post=3933"}],"version-history":[{"count":2,"href":"https:\/\/test.ispas-ev.de\/index.php?rest_route=\/wp\/v2\/posts\/3933\/revisions"}],"predecessor-version":[{"id":3935,"href":"https:\/\/test.ispas-ev.de\/index.php?rest_route=\/wp\/v2\/posts\/3933\/revisions\/3935"}],"wp:featuredmedia":[{"embeddable":true,"href":"https:\/\/test.ispas-ev.de\/index.php?rest_route=\/wp\/v2\/media\/3936"}],"wp:attachment":[{"href":"https:\/\/test.ispas-ev.de\/index.php?rest_route=%2Fwp%2Fv2%2Fmedia&parent=3933"}],"wp:term":[{"taxonomy":"category","embeddable":true,"href":"https:\/\/test.ispas-ev.de\/index.php?rest_route=%2Fwp%2Fv2%2Fcategories&post=3933"},{"taxonomy":"post_tag","embeddable":true,"href":"https:\/\/test.ispas-ev.de\/index.php?rest_route=%2Fwp%2Fv2%2Ftags&post=3933"}],"curies":[{"name":"wp","href":"https:\/\/api.w.org\/{rel}","templated":true}]}}