{"id":3920,"date":"2017-09-08T14:59:10","date_gmt":"2017-09-08T12:59:10","guid":{"rendered":"http:\/\/www.ispas-ev.de\/?p=3920"},"modified":"2017-11-06T14:42:14","modified_gmt":"2017-11-06T13:42:14","slug":"zurueck-in-die-zukunft-back-to-the-future","status":"publish","type":"post","link":"https:\/\/test.ispas-ev.de\/?p=3920","title":{"rendered":"\u201eZur\u00fcck in die Zukunft \u2013 Back to the future\u201c"},"content":{"rendered":"<h3><a href=\"http:\/\/www.ispas-ev.de\/wp-content\/uploads\/2017\/09\/Erasmus_plus.png\"><img decoding=\"async\" loading=\"lazy\" class=\"wp-image-3922 size-full aligncenter\" src=\"http:\/\/www.ispas-ev.de\/wp-content\/uploads\/2017\/09\/Erasmus_plus.png\" alt=\"\" height=\"64\" width=\"248\"><\/a>Wie sieht dein Land in 20 Jahren aus?<\/h3>\n<p><strong>Dies ist das Thema der diesj\u00e4hrigen Europ\u00e4ischen Jugendbegegnung 2017, die in der Zeit vom 10. bis 21. November in Sindelfingen stattfindet.<\/strong><\/p>\n<p>Der Verein \u201eInitiative St\u00e4dtepartnerschaften Sindelfingen e.V. (ISPAS) freut sich sehr, dass zum achten Mal Gelder der EU \u00fcber das europ\u00e4ische F\u00f6rderprogramm \u00abErasmus+ Jugend in Aktion\u00bb genehmigt wurden, um ein gro\u00dfes, partnerschaftliches Jugendprojekt durchzuf\u00fchren. Das interessante Thema wird innerhalb weniger Tage von den teilnehmenden Jugendlichen aus Deutschland, England, Frankreich, Italien, Kroatien, Polen und Ungarn erarbeitet und am 18. und 19. November im Jugendhaus \u201eDas S\u00fcd\u201c in der Schwertstra\u00dfe in einer Theater-Performance aufgef\u00fchrt. Die Dozentinnen, langj\u00e4hrige Mitwirkende der Jugendprojekte, Annette von der M\u00fclbe und Anke Marx konnten auch f\u00fcr das diesj\u00e4hrige Projekt gewonnen werden. Ulrich von der M\u00fclbe hat die k\u00fcnstlerische Leitung und Dorothea B\u00fchler die Projektleitung \u00fcbernommen. Ein Vorbereitungstreffen mit den Begleitlehrern aus allen teilnehmenden L\u00e4ndern und je einer jugendlichen Person findet in Sindelfingen vom 21. bis 24. September statt. Bei diesem Treffen wird das von der EU genehmigte Projekt diskutiert und gemeinsam weiter entwickelt. Wir freuen uns, Sie \u00fcber das Jugendprojekt auf dem Laufenden halten zu d\u00fcrfen.<\/p>\n","protected":false},"excerpt":{"rendered":"<p>Wie sieht dein Land in 20 Jahren aus? Dies ist das Thema der diesj\u00e4hrigen Europ\u00e4ischen Jugendbegegnung 2017, die in der Zeit vom 10. bis 21. November in Sindelfingen stattfindet. Der [&hellip;]<\/p>\n","protected":false},"author":8,"featured_media":4022,"comment_status":"closed","ping_status":"closed","sticky":false,"template":"","format":"standard","meta":{"ngg_post_thumbnail":0},"categories":[44,45,26],"tags":[],"_links":{"self":[{"href":"https:\/\/test.ispas-ev.de\/index.php?rest_route=\/wp\/v2\/posts\/3920"}],"collection":[{"href":"https:\/\/test.ispas-ev.de\/index.php?rest_route=\/wp\/v2\/posts"}],"about":[{"href":"https:\/\/test.ispas-ev.de\/index.php?rest_route=\/wp\/v2\/types\/post"}],"author":[{"embeddable":true,"href":"https:\/\/test.ispas-ev.de\/index.php?rest_route=\/wp\/v2\/users\/8"}],"replies":[{"embeddable":true,"href":"https:\/\/test.ispas-ev.de\/index.php?rest_route=%2Fwp%2Fv2%2Fcomments&post=3920"}],"version-history":[{"count":10,"href":"https:\/\/test.ispas-ev.de\/index.php?rest_route=\/wp\/v2\/posts\/3920\/revisions"}],"predecessor-version":[{"id":4023,"href":"https:\/\/test.ispas-ev.de\/index.php?rest_route=\/wp\/v2\/posts\/3920\/revisions\/4023"}],"wp:featuredmedia":[{"embeddable":true,"href":"https:\/\/test.ispas-ev.de\/index.php?rest_route=\/wp\/v2\/media\/4022"}],"wp:attachment":[{"href":"https:\/\/test.ispas-ev.de\/index.php?rest_route=%2Fwp%2Fv2%2Fmedia&parent=3920"}],"wp:term":[{"taxonomy":"category","embeddable":true,"href":"https:\/\/test.ispas-ev.de\/index.php?rest_route=%2Fwp%2Fv2%2Fcategories&post=3920"},{"taxonomy":"post_tag","embeddable":true,"href":"https:\/\/test.ispas-ev.de\/index.php?rest_route=%2Fwp%2Fv2%2Ftags&post=3920"}],"curies":[{"name":"wp","href":"https:\/\/api.w.org\/{rel}","templated":true}]}}