{"id":3899,"date":"2017-07-18T21:47:50","date_gmt":"2017-07-18T19:47:50","guid":{"rendered":"http:\/\/www.ispas-ev.de\/?p=3899"},"modified":"2017-07-27T10:23:15","modified_gmt":"2017-07-27T08:23:15","slug":"buergerfahrt-nach-sondrio","status":"publish","type":"post","link":"https:\/\/test.ispas-ev.de\/?p=3899","title":{"rendered":"Leider bereits ausgebucht: B\u00fcrgerfahrt nach Sondrio"},"content":{"rendered":"<h4 style=\"text-align: justify;\">Liebe Mitglieder und Freunde unseres Vereins,<\/h4>\n<p style=\"text-align: justify;\">sehr geehrte Damen und Herren,<\/p>\n<p style=\"text-align: justify;\"><strong>schon viel ist \u00fcber unsere zweite B\u00fcrgerfahrt des Jahres gesprochen worden. Nun ist es endlich soweit, und ich kann Ihnen f\u00fcr die B\u00fcrgerfahrt nach Sondrio vom 28. September bis 03. Oktober 2017 Programminformationen und ein Anmeldeformular schicken.<\/strong><\/p>\n<figure style=\"width: 458px\" class=\"wp-caption alignright\"><img decoding=\"async\" loading=\"lazy\" class=\"size-large\" src=\"https:\/\/upload.wikimedia.org\/wikipedia\/commons\/9\/99\/Panorama_sondrio.jpg\" alt=\"Panorama della citt\u00e0 di Sondrio\" width=\"458\" height=\"375\"><figcaption class=\"wp-caption-text\">Panorama della citt\u00e0 di Sondrio<\/figcaption><\/figure>\n<p style=\"text-align: justify;\">Diese B\u00fcrgerfahrt ist eine unserer bisher l\u00e4ngsten Reisen. Sie dauert sechs Tage mit f\u00fcnf \u00dcbernachtungen, die immer im gleichen Hotel sein werden. Der Name des Hotels wird Ihnen rechtzeitig mitgeteilt.<\/p>\n<p style=\"text-align: justify;\">Mit Hilfe von Frau Dr. Stefania Stoppani (Stadt Sondrio) wurde das Reiseprogramm zusammengestellt. Neben den gemeinsamen Aktivit\u00e4ten werden Sie gen\u00fcgend freie Zeit haben, um Sondrio alleine zu erkunden oder eine kleine Wanderung durch die Weinberge zu machen. Daf\u00fcr ist der Herbst die richtige Zeit.<\/p>\n<p style=\"text-align: justify;\">Bei Interesse an unserer Reise melden Sie sich bitte schnell an. Die Teilnehmerzahl ist begrenzt. Um die Reise durchf\u00fchren zu k\u00f6nnen, sollten 30 Personen mitfahren. Bitte schicken oder mailen Sie Ihre Anmeldung rechtzeitig, sp\u00e4testens jedoch bis zum 10. September 2017 an mich zur\u00fcck. Das detaillierte Programm erhalten Sie dann zusammen mit der Rechnung.<\/p>\n<p style=\"text-align: justify;\">Frau Dr. Gudrun Kemmerling und Frau Italia Frazzetta, in unserem Verein zust\u00e4ndig f\u00fcr Sondrio, werden diese Reise begleiten und ggfl. Dolmetschert\u00e4tigkeiten \u00fcbernehmen.<\/p>\n<p style=\"text-align: justify;\"><a href=\"http:\/\/www.ispas-ev.de\/wp-content\/uploads\/2017\/07\/2017-07-14-Reiseprogramm.pdf\" target=\"_blank\" rel=\"noopener\">Wir freuen uns, dass diese B\u00fcrgerfahrt nach Sondrio stattfinden kann und sind gespannt, wer sich f\u00fcr diese sch\u00f6ne Reise entscheidet.<\/a><\/p>\n<figure id=\"attachment_3481\" aria-describedby=\"caption-attachment-3481\" style=\"width: 205px\" class=\"wp-caption alignleft\"><a href=\"http:\/\/www.ispas-ev.de\/wp-content\/uploads\/2016\/09\/brigitte.jpg\"><img decoding=\"async\" loading=\"lazy\" class=\"size-full wp-image-3481\" src=\"http:\/\/www.ispas-ev.de\/wp-content\/uploads\/2016\/09\/brigitte.jpg\" alt=\"\" width=\"205\" height=\"307\"><\/a><figcaption id=\"caption-attachment-3481\" class=\"wp-caption-text\">Brigitte Stegmaier<\/figcaption><\/figure>\n<p style=\"text-align: justify;\">Viele Gr\u00fc\u00dfe,<\/p>\n<p style=\"text-align: justify;\">Brigitte Stegmaier<\/p>\n<p style=\"text-align: justify;\">Vorsitzende<\/p>\n<p><a href=\"http:\/\/www.ispas-ev.de\/wp-content\/uploads\/2017\/07\/2017-07-14-Reiseprogramm.pdf\" target=\"_blank\" rel=\"noopener\">Das Reiseprogramm kann hier heruntergeladen werden.<\/a><\/p>\n","protected":false},"excerpt":{"rendered":"<p>Liebe Mitglieder und Freunde unseres Vereins, sehr geehrte Damen und Herren, schon viel ist \u00fcber unsere zweite B\u00fcrgerfahrt des Jahres gesprochen worden. Nun ist es endlich soweit, und ich kann [&hellip;]<\/p>\n","protected":false},"author":8,"featured_media":1099,"comment_status":"closed","ping_status":"closed","sticky":false,"template":"","format":"standard","meta":{"ngg_post_thumbnail":0},"categories":[44,1,24],"tags":[],"_links":{"self":[{"href":"https:\/\/test.ispas-ev.de\/index.php?rest_route=\/wp\/v2\/posts\/3899"}],"collection":[{"href":"https:\/\/test.ispas-ev.de\/index.php?rest_route=\/wp\/v2\/posts"}],"about":[{"href":"https:\/\/test.ispas-ev.de\/index.php?rest_route=\/wp\/v2\/types\/post"}],"author":[{"embeddable":true,"href":"https:\/\/test.ispas-ev.de\/index.php?rest_route=\/wp\/v2\/users\/8"}],"replies":[{"embeddable":true,"href":"https:\/\/test.ispas-ev.de\/index.php?rest_route=%2Fwp%2Fv2%2Fcomments&post=3899"}],"version-history":[{"count":8,"href":"https:\/\/test.ispas-ev.de\/index.php?rest_route=\/wp\/v2\/posts\/3899\/revisions"}],"predecessor-version":[{"id":3903,"href":"https:\/\/test.ispas-ev.de\/index.php?rest_route=\/wp\/v2\/posts\/3899\/revisions\/3903"}],"wp:featuredmedia":[{"embeddable":true,"href":"https:\/\/test.ispas-ev.de\/index.php?rest_route=\/wp\/v2\/media\/1099"}],"wp:attachment":[{"href":"https:\/\/test.ispas-ev.de\/index.php?rest_route=%2Fwp%2Fv2%2Fmedia&parent=3899"}],"wp:term":[{"taxonomy":"category","embeddable":true,"href":"https:\/\/test.ispas-ev.de\/index.php?rest_route=%2Fwp%2Fv2%2Fcategories&post=3899"},{"taxonomy":"post_tag","embeddable":true,"href":"https:\/\/test.ispas-ev.de\/index.php?rest_route=%2Fwp%2Fv2%2Ftags&post=3899"}],"curies":[{"name":"wp","href":"https:\/\/api.w.org\/{rel}","templated":true}]}}