{"id":3868,"date":"2017-07-08T19:34:01","date_gmt":"2017-07-08T17:34:01","guid":{"rendered":"http:\/\/www.ispas-ev.de\/?p=3868"},"modified":"2017-07-13T19:37:27","modified_gmt":"2017-07-13T17:37:27","slug":"koenigreich-steht-mitten-in-europa","status":"publish","type":"post","link":"https:\/\/test.ispas-ev.de\/?p=3868","title":{"rendered":"K\u00f6nigreich steht mitten in Europa"},"content":{"rendered":"<figure id=\"attachment_3869\" aria-describedby=\"caption-attachment-3869\" style=\"width: 1024px\" class=\"wp-caption alignnone\"><a href=\"http:\/\/www.ispas-ev.de\/wp-content\/uploads\/2017\/07\/Koenigreich_steht_mitten_in_Europa_Bild_SZ_Stampe.jpg\"><img decoding=\"async\" loading=\"lazy\" class=\"size-large wp-image-3869\" src=\"http:\/\/www.ispas-ev.de\/wp-content\/uploads\/2017\/07\/Koenigreich_steht_mitten_in_Europa_Bild_SZ_Stampe-1024x684.jpg\" alt=\"\" width=\"1024\" height=\"684\" srcset=\"https:\/\/test.ispas-ev.de\/wp-content\/uploads\/2017\/07\/Koenigreich_steht_mitten_in_Europa_Bild_SZ_Stampe-1024x684.jpg 1024w, https:\/\/test.ispas-ev.de\/wp-content\/uploads\/2017\/07\/Koenigreich_steht_mitten_in_Europa_Bild_SZ_Stampe-300x200.jpg 300w, https:\/\/test.ispas-ev.de\/wp-content\/uploads\/2017\/07\/Koenigreich_steht_mitten_in_Europa_Bild_SZ_Stampe-768x513.jpg 768w\" sizes=\"(max-width: 1024px) 100vw, 1024px\" \/><\/a><figcaption id=\"caption-attachment-3869\" class=\"wp-caption-text\">Die Dronfield Singers von Karen Cook auf der B\u00fchne beim Partnerschaftsabend im Maichinger B\u00fcrgerhaus: Heike Schneider vom TV Darmsheim \u00fcbernahm die Moderation f\u00fcr die Streetdancers des TV Darmsheim, die Dancestyle- und die f\u00fcr die WM in Schottland qualifizierte Contestgruppe des VfL Sindelfingen, den Liedermacher Daniel Vogrin, die Ballettschule Stage Dance Sindelfingen und Georg Sidiropoulos. F\u00fcr die Bedienung sorgte der TV Darmsheim, die Betreuung der G\u00e4ste \u00fcbernimmt der Verein Ispas unter dem Vorsitz von Brigitte Stegmaier, der am Freitag f\u00fcr den Chor aus England einen Spaziergang durchs ehemalige Landesgartenschaugel\u00e4nde im Sommerhofenpark organisierte. Bild: Stampe<\/figcaption><\/figure>\n<h5 style=\"text-align: justify;\">Sindelfingen: Dronfield stellt mit seinem Chor die st\u00e4rkste Delegation beim Partnerschaftsabend im B\u00fcrgerhaus \/ Gedenkminute im Rathaus<\/h5>\n<p style=\"text-align: justify;\">Aus der Sindelfinger Zeitung: Von Redaktionsmitglied Peter Bausch<\/p>\n<p style=\"text-align: justify;\"><strong>Mit den 40-k\u00f6pfigen Dronfield Singers stellen die Engl\u00e4nder die st\u00e4rkste Delegation beim Partnerschaftsabend im Maichinger B\u00fcrgerhaus, und beim kommunalpolitischen Gespr\u00e4ch im Rathaus wird die Bitte von B\u00fcrgermeister Philip Wright nach einer Gedenkminute f\u00fcr die Opfer von Terrorismus und Katastrophen erf\u00fcllt: Das Vereinigte K\u00f6nigreich steht mitten in Europa. Zumindest beim Stra\u00dfenfest in Sindelfingen.<\/strong><\/p>\n<p style=\"text-align: justify;\">Kurz nach dem letzten Mini-Europa-Gipfel der Partnerst\u00e4dte vom Juni 2016 in Sindelfingen schockte Gro\u00dfbritannien mit dem \u201eBrexit\u201c-Beschluss nach dem Referendum. \u201eDer europ\u00e4ische Gedanke ist nicht an eine formelle Mitgliedschaft gebunden\u201c, sagt Sindelfingens Oberb\u00fcrgermeister Dr. Bernd V\u00f6hringer: \u201eDer Brexit wird keinen Einfluss auf unsere Beziehungen zu Dronfield haben. Wir st\u00fctzen uns weiter auf die gewachsenen Strukturen und Beziehungen in unseren L\u00e4ndern.\u201c Das Ergebnis der j\u00fcngsten Parlamentswahl auf der Insel und der Verlust der absoluten Mehrheit f\u00fcr Premierministerin Teresa May sind ein Thema im Maichinger B\u00fcrgerhaus. Veronica Tebbs, die Nachfolgerin von Julia Johnson an der Spitze des Partnerschaftskomitees, hat schon auf den \u201eBrexit\u201c-Beschluss mit Tr\u00e4nen reagiert. \u201eJetzt wissen wir \u00fcberhaupt nicht mehr, woran wir sind\u201c, sagt die Engl\u00e4nderin, die beim Medizinstudium und beim Praktikum in Deutschland<br \/>\nperfekt Goethes Sprache gelernt hat.<\/p>\n<h6 style=\"text-align: justify;\">Gedenkminute f\u00fcr die Opfer<\/h6>\n<p style=\"text-align: justify;\">B\u00fcrgermeister Philip Wright versagt am Freitagmorgen im Rathaus-Sitzungssaal zuweilen die Stimme, wenn es um Bev\u00f6lkerungsschutz in den Partnerst\u00e4dten geht. Dronfield ist eine kleine, seit Jahren nicht von Katastrophen heimgesuchte Insel in Mittelengland, aber nahe genug an Manchester oder London, um Terrorismus oder Brandkatastrophen wie jetzt in der Hauptstadt unmittelbar zu sp\u00fcren. Die Gedenkminute vereint Deutsche aus Sindelfingen und Torgau, Engl\u00e4nder aus Dronfield, Franzosen aus Corbeil-Essonnes, Italiener aus Sondrio, Schweizer aus Schaffhausen, Ungarn aus Gy\u00f6r und selbst die beiden G\u00e4ste aus dem afrikanischen Kamerun, Oberb\u00fcrgermeister Victor Ngoh Nkelle und B\u00fcrgermeister John Kona Makia aus Kumba, die 2017 erneut beim Partnerschaftsabend und beim Stra\u00dfenfest mitmachen. Wenn sich England entschieden hat die Europ\u00e4ische Union zu verlassen, stehe Frankreich mit dem seit Mitte Mai amtierenden Pr\u00e4sidenten Emmanuel Macron f\u00fcr<br \/>\neine \u201eneue Dynamik in der Euro-Zone\u201c, sagt Bernd V\u00f6hringer. \u201eEs war noch vor wenigen Wochen undenkbar, aber mittlerweile gehen Zehntausende f\u00fcr Europa auf die Stra\u00dfe\u201c, verweist der Anfang Mai wiedergew\u00e4hlte Oberb\u00fcrgermeister auf die \u201ePulse of Europe\u201c-Bewegung, die inzwischen einen Ableger auf dem Flugfeld B\u00f6blingen\/Sindelfingen hat.<\/p>\n<h6 style=\"text-align: justify;\">Jean-Michel Fritz am Pult<\/h6>\n<p style=\"text-align: justify;\">Altstadtr\u00e4tin Ute Walker, heute im Partnerschaftsverein Ispas engagiert, hat f\u00fcr die Kundgebung am Sonntag, 18. Juni, um 14 Uhr auf dem Hanns-Klemm-Platz hinter dem Medicum Jean-Michel Fritz verpflichtet, den ersten Beigeordneten auf dem Rathaus von Corbeil-Essonnes, der als Stammgast in Sindelfingen die neue Partnerschaftsbeauftragte Magdalena Parmentier zum Stra\u00dfenfest mitbringt. Beim kommunalpolitischen Gespr\u00e4ch haben die Franzosen, die sich nach den Terrorismus-Anschl\u00e4gen von Paris oder Nizza noch immer im Ausnahmezustand befinden, die meisten Diskussionen ausgel\u00f6st: 150 Video-Kameras \u00fcberwachen Stra\u00dfen und \u00f6ffentliche Geb\u00e4ude, erfassen dabei aber auch Parks\u00fcnder, die per Video den Strafzettel ausgestellt bekommen. Das \u00dcberwachungssystem habe aber auch beim letzten Hochwasser Anfang Juni 2016 genutzt. Von der \u00dcberschwemmung 1987 im Veltlin haben die Partnerstadt Sondrio und das ganze Land Italien die Lehren gezogen. Wie Torgau in Sachsen, das 2002 und 2013 gleich zwei Jahrhundertfluten an der Elbe erlebte. Bettina Klein, einst im Neuen Forum, jetzt im Planungsamt und als neue SPD-Ortsvereinschefin in Torgau engagiert, muss deshalb auf das Stra\u00dfenfest verzichten: Am Samstagmorgen steht eine Katastrophenschutz-\u00dcbung in Torgau an.<\/p>\n","protected":false},"excerpt":{"rendered":"<p>Sindelfingen: Dronfield stellt mit seinem Chor die st\u00e4rkste Delegation beim Partnerschaftsabend im B\u00fcrgerhaus \/ Gedenkminute im Rathaus Aus der Sindelfinger Zeitung: Von Redaktionsmitglied Peter Bausch Mit den 40-k\u00f6pfigen Dronfield Singers [&hellip;]<\/p>\n","protected":false},"author":16,"featured_media":3873,"comment_status":"closed","ping_status":"closed","sticky":false,"template":"","format":"standard","meta":{"ngg_post_thumbnail":0},"categories":[44,41,27],"tags":[],"_links":{"self":[{"href":"https:\/\/test.ispas-ev.de\/index.php?rest_route=\/wp\/v2\/posts\/3868"}],"collection":[{"href":"https:\/\/test.ispas-ev.de\/index.php?rest_route=\/wp\/v2\/posts"}],"about":[{"href":"https:\/\/test.ispas-ev.de\/index.php?rest_route=\/wp\/v2\/types\/post"}],"author":[{"embeddable":true,"href":"https:\/\/test.ispas-ev.de\/index.php?rest_route=\/wp\/v2\/users\/16"}],"replies":[{"embeddable":true,"href":"https:\/\/test.ispas-ev.de\/index.php?rest_route=%2Fwp%2Fv2%2Fcomments&post=3868"}],"version-history":[{"count":3,"href":"https:\/\/test.ispas-ev.de\/index.php?rest_route=\/wp\/v2\/posts\/3868\/revisions"}],"predecessor-version":[{"id":3872,"href":"https:\/\/test.ispas-ev.de\/index.php?rest_route=\/wp\/v2\/posts\/3868\/revisions\/3872"}],"wp:featuredmedia":[{"embeddable":true,"href":"https:\/\/test.ispas-ev.de\/index.php?rest_route=\/wp\/v2\/media\/3873"}],"wp:attachment":[{"href":"https:\/\/test.ispas-ev.de\/index.php?rest_route=%2Fwp%2Fv2%2Fmedia&parent=3868"}],"wp:term":[{"taxonomy":"category","embeddable":true,"href":"https:\/\/test.ispas-ev.de\/index.php?rest_route=%2Fwp%2Fv2%2Fcategories&post=3868"},{"taxonomy":"post_tag","embeddable":true,"href":"https:\/\/test.ispas-ev.de\/index.php?rest_route=%2Fwp%2Fv2%2Ftags&post=3868"}],"curies":[{"name":"wp","href":"https:\/\/api.w.org\/{rel}","templated":true}]}}