{"id":3854,"date":"2017-07-06T17:57:18","date_gmt":"2017-07-06T15:57:18","guid":{"rendered":"http:\/\/www.ispas-ev.de\/?p=3854"},"modified":"2017-07-06T17:58:12","modified_gmt":"2017-07-06T15:58:12","slug":"wir-fuehlen-uns-hier-pudelwohl","status":"publish","type":"post","link":"https:\/\/test.ispas-ev.de\/?p=3854","title":{"rendered":"&#8222;Wir f\u00fchlen uns hier pudelwohl&#8220;"},"content":{"rendered":"<p><strong>Torgau<\/strong>. Nach viel Stau und viel Regen bei der Anreise brachten die Torgauer Gastgeber ihren Sindelfinger G\u00e4sten am Donnerstagabend sowie am gestrigen Freitag ein Viel an Gastfreundschaft entgegen.<\/p>\n<p>Auf Initiative des Vereins \u201eInitiative St\u00e4dtepartnerschaften Sindelfingen\u201c (ISPAS) weilen noch bis zum morgigen Sonntag gut 40 G\u00e4ste aus Torgaus Partnerstadt in der Gro\u00dfen Kreisstadt. Die B\u00fcrgerfahrt, deren Pl\u00e4tze sehr schnell belegt waren, steht ganz im Zeichen der Reformation. Das wurde auch gestern zum offiziellen Empfang im Rathaus deutlich: Bei diesem wurden die G\u00e4ste unter anderem mit einem Film, den Sch\u00fcler des Johann-Walter-Gymnasiums im Zuge des Theaterprojekts \u201eHerrInnen K\u00e4the\u201c produzierten, auf die Rolle Torgaus f\u00fcr die Reformation eingestimmt.<\/p>\n<p>In der Hauptrolle: Katharina von Bora beziehungsweise Luther. Doch \u201eK\u00e4the\u201c sollte es gestern nicht nur als Bewegtbild geben. So sorgte schlie\u00dflich eine entsprechend ausstaffierte Silvia Meinel vom TIC daf\u00fcr, dass die Sindelfinger vorm gemeinschaftlichen Abend im Schlo\u00df-Caf\u00e9 und einem Orgelkonzert mit Ekkehard Saretz in der Schlosskapelle noch eine historische Stadtf\u00fchrung mit Katharina erleben konnten.<\/p>\n<figure style=\"width: 540px\" class=\"wp-caption alignnone\"><img decoding=\"async\" loading=\"lazy\" class=\"size-large\" src=\"http:\/\/www.torgauerzeitung.com\/img\/news\/201706\/20170630205016000101_07_tur_sindelfingen_katharina_cw_gr.jpg\" width=\"540\" height=\"320\"><figcaption class=\"wp-caption-text\">Mit Silvia Meinel ging es im Anschluss an den offiziellen Empfang zu einer Stadtf\u00fchrung. Foto: TZ\/C. Wendt<\/figcaption><\/figure>\n<p>Doch schon zuvor zeigte sich ISPAS-Chefin Brigitte Stegmeier von Torgau begeistert. Und Alexandra Keller, die ebenso im Verein aktiv ist, pflichtete ihr bei. \u201eWir f\u00fchlen uns hier pudelwohl\u201c, sagte Keller. Am heutigen Samstag begeben sich die Sindelfinger auf Entdeckungstour nach Wittenberg. Nach der Anreise \u00fcber Erfurt will man morgen auf der Heimtour noch einen Halt in Weimar einlegen.<\/p>\n<p><a href=\"http:\/\/www.torgauerzeitung.com\/Artikel\/default.aspx?t=NewsDetailModus(89753)\" target=\"_blank\" rel=\"noopener\">Torgauer Zeitung<\/a> <a href=\"http:\/\/www.torgauerzeitung.com\/Artikel\/Autoren.tz?t=BenutzerListe%28Autoren%29#autor7\" target=\"_blank\" rel=\"noopener\">Redakteur Christian Wendt<\/a><\/p>\n","protected":false},"excerpt":{"rendered":"<p>Torgau. Nach viel Stau und viel Regen bei der Anreise brachten die Torgauer Gastgeber ihren Sindelfinger G\u00e4sten am Donnerstagabend sowie am gestrigen Freitag ein Viel an Gastfreundschaft entgegen. Auf Initiative [&hellip;]<\/p>\n","protected":false},"author":8,"featured_media":3858,"comment_status":"closed","ping_status":"closed","sticky":false,"template":"","format":"standard","meta":{"ngg_post_thumbnail":0},"categories":[44,30,21],"tags":[],"_links":{"self":[{"href":"https:\/\/test.ispas-ev.de\/index.php?rest_route=\/wp\/v2\/posts\/3854"}],"collection":[{"href":"https:\/\/test.ispas-ev.de\/index.php?rest_route=\/wp\/v2\/posts"}],"about":[{"href":"https:\/\/test.ispas-ev.de\/index.php?rest_route=\/wp\/v2\/types\/post"}],"author":[{"embeddable":true,"href":"https:\/\/test.ispas-ev.de\/index.php?rest_route=\/wp\/v2\/users\/8"}],"replies":[{"embeddable":true,"href":"https:\/\/test.ispas-ev.de\/index.php?rest_route=%2Fwp%2Fv2%2Fcomments&post=3854"}],"version-history":[{"count":5,"href":"https:\/\/test.ispas-ev.de\/index.php?rest_route=\/wp\/v2\/posts\/3854\/revisions"}],"predecessor-version":[{"id":3860,"href":"https:\/\/test.ispas-ev.de\/index.php?rest_route=\/wp\/v2\/posts\/3854\/revisions\/3860"}],"wp:featuredmedia":[{"embeddable":true,"href":"https:\/\/test.ispas-ev.de\/index.php?rest_route=\/wp\/v2\/media\/3858"}],"wp:attachment":[{"href":"https:\/\/test.ispas-ev.de\/index.php?rest_route=%2Fwp%2Fv2%2Fmedia&parent=3854"}],"wp:term":[{"taxonomy":"category","embeddable":true,"href":"https:\/\/test.ispas-ev.de\/index.php?rest_route=%2Fwp%2Fv2%2Fcategories&post=3854"},{"taxonomy":"post_tag","embeddable":true,"href":"https:\/\/test.ispas-ev.de\/index.php?rest_route=%2Fwp%2Fv2%2Ftags&post=3854"}],"curies":[{"name":"wp","href":"https:\/\/api.w.org\/{rel}","templated":true}]}}