{"id":3849,"date":"2017-06-28T20:50:25","date_gmt":"2017-06-28T18:50:25","guid":{"rendered":"http:\/\/www.ispas-ev.de\/?p=3849"},"modified":"2017-06-28T20:50:46","modified_gmt":"2017-06-28T18:50:46","slug":"internationales-strassenfest-2017-16-bis-18-juni","status":"publish","type":"post","link":"https:\/\/test.ispas-ev.de\/?p=3849","title":{"rendered":"Internationales Stra\u00dfenfest 2017 &#8211; 16. bis 18. Juni"},"content":{"rendered":"<figure id=\"attachment_3481\" aria-describedby=\"caption-attachment-3481\" style=\"width: 115px\" class=\"wp-caption alignleft\"><a href=\"http:\/\/www.ispas-ev.de\/wp-content\/uploads\/2016\/09\/brigitte.jpg\"><img decoding=\"async\" loading=\"lazy\" class=\"wp-image-3481\" src=\"http:\/\/www.ispas-ev.de\/wp-content\/uploads\/2016\/09\/brigitte.jpg\" alt=\"\" width=\"115\" height=\"172\"><\/a><figcaption id=\"caption-attachment-3481\" class=\"wp-caption-text\">Brigitte Stegmaier<\/figcaption><\/figure>\n<p>Liebe Mitglieder, Helferinnen und Helfer der Partnerschaftsstra\u00dfe beim diesj\u00e4hrigen Internationalen Stra\u00dfenfest.<\/p>\n<p>Nun liegt das diesj\u00e4hrige Stra\u00dfenfest bereits wieder etliche Tage hinter uns. F\u00fcr den Verein ist es jedes Jahr von neuem eine Herausforderung und ohne Ihre \/ Eure Hilfe k\u00f6nnte dieser enorme Einsatz nicht bew\u00e4ltigt werden.<\/p>\n<p>Ich bedanke ich mich aufs herzlichste bei all denjenigen, die beim Auf-und Abbau der Partnerschaftsstra\u00dfe geholfen haben. Ebenso herzlich bedanke ich mich bei allen Einsatzteams an unserem ISPAS-Stand. Die Kartoffelpuffer schmeckten wieder sehr gut und wurden gelobt! Eine Dame sagte zu mir: Sie liebt Kartoffelpuffer, aber so leckere habe sie noch nie gegessen. So etwas zu h\u00f6ren tut gut. Mein besonderer Dank gilt den Teams der ISPASA-Bar. Ohne deren Einsatz k\u00f6nnte unser Verein die anfallenden Kosten nicht ausgleichen. Die Bar ist die gr\u00f6\u00dfte Einnahmequelle des Vereins beim Stra\u00dfenfest und ich hoffe, dass die Teams auch im kommenden Jahr wieder dabei sein werden. Danke.<\/p>\n<p>Ebenso bedanke ich mich bei all unseren treuen Mitgliedern, welche die St\u00e4nde der Sindelfinger Partnerst\u00e4dte besucht, die Angebote probiert und eingekauft haben. Allen unseren G\u00e4sten hat es sehr gut gefallen und sie sind dankbar und zufrieden wieder abgereist. Das Standpersonal nimmt<br \/>\ngro\u00dfe Strapazen auf sich, um unsere Partnerschaftsstra\u00dfe zu beleben.<\/p>\n<p>Mein Dank geht aber auch an das Amt f\u00fcr Kultur der Stadt, Herrn Fabian Krause mit seinem Helfer und an Astrid Paul. Ohne deren enormen Einsatz k\u00f6nnte die Partnerschaftsstra\u00dfe nicht stattfinden. Dankesch\u00f6n auch an Markus Nau f\u00fcr die Koordination des B\u00fchnenprogramms.<\/p>\n<p>Es war ein sehr harmonisches Fest und das Wetter war super &#8211; ideales Stra\u00dfenfestwetter!! Obwohl so ein Wochenende viel Arbeit mit sich bringt, hat es Spa\u00df gemacht. Ich jedenfalls freue mich auf weitere Aktivit\u00e4ten und Projekte zusammen mit Ihnen \/ Euch und hoffe, dass wir auch weiterhin zum Wohl unserer Partnerst\u00e4dte gut zusammenarbeiten.<\/p>\n<p>Allen w\u00fcnsche ich einen angenehmen Sommer mit vielen sch\u00f6nen Erlebnissen und bleibenden Eindr\u00fccken und, bei wem er noch kommt, einen sch\u00f6nen Urlaub.<\/p>\n<p>Viele Gr\u00fc\u00dfe<\/p>\n<p>Brigitte Stegmaier<br \/>\nVorsitzende<\/p>\n","protected":false},"excerpt":{"rendered":"<p>Liebe Mitglieder, Helferinnen und Helfer der Partnerschaftsstra\u00dfe beim diesj\u00e4hrigen Internationalen Stra\u00dfenfest. Nun liegt das diesj\u00e4hrige Stra\u00dfenfest bereits wieder etliche Tage hinter uns. F\u00fcr den Verein ist es jedes Jahr von [&hellip;]<\/p>\n","protected":false},"author":8,"featured_media":3481,"comment_status":"closed","ping_status":"closed","sticky":false,"template":"","format":"standard","meta":{"ngg_post_thumbnail":0},"categories":[44,27],"tags":[],"_links":{"self":[{"href":"https:\/\/test.ispas-ev.de\/index.php?rest_route=\/wp\/v2\/posts\/3849"}],"collection":[{"href":"https:\/\/test.ispas-ev.de\/index.php?rest_route=\/wp\/v2\/posts"}],"about":[{"href":"https:\/\/test.ispas-ev.de\/index.php?rest_route=\/wp\/v2\/types\/post"}],"author":[{"embeddable":true,"href":"https:\/\/test.ispas-ev.de\/index.php?rest_route=\/wp\/v2\/users\/8"}],"replies":[{"embeddable":true,"href":"https:\/\/test.ispas-ev.de\/index.php?rest_route=%2Fwp%2Fv2%2Fcomments&post=3849"}],"version-history":[{"count":4,"href":"https:\/\/test.ispas-ev.de\/index.php?rest_route=\/wp\/v2\/posts\/3849\/revisions"}],"predecessor-version":[{"id":3853,"href":"https:\/\/test.ispas-ev.de\/index.php?rest_route=\/wp\/v2\/posts\/3849\/revisions\/3853"}],"wp:featuredmedia":[{"embeddable":true,"href":"https:\/\/test.ispas-ev.de\/index.php?rest_route=\/wp\/v2\/media\/3481"}],"wp:attachment":[{"href":"https:\/\/test.ispas-ev.de\/index.php?rest_route=%2Fwp%2Fv2%2Fmedia&parent=3849"}],"wp:term":[{"taxonomy":"category","embeddable":true,"href":"https:\/\/test.ispas-ev.de\/index.php?rest_route=%2Fwp%2Fv2%2Fcategories&post=3849"},{"taxonomy":"post_tag","embeddable":true,"href":"https:\/\/test.ispas-ev.de\/index.php?rest_route=%2Fwp%2Fv2%2Ftags&post=3849"}],"curies":[{"name":"wp","href":"https:\/\/api.w.org\/{rel}","templated":true}]}}