{"id":3814,"date":"2017-06-18T13:56:25","date_gmt":"2017-06-18T11:56:25","guid":{"rendered":"http:\/\/www.ispas-ev.de\/?p=3814"},"modified":"2018-01-03T21:14:34","modified_gmt":"2018-01-03T20:14:34","slug":"mit-unseren-partnerstaedten-auf-dem-internationalen-strassenfest-2017","status":"publish","type":"post","link":"https:\/\/test.ispas-ev.de\/?p=3814","title":{"rendered":"Mit unseren Partnerst\u00e4dten auf dem Internationalen Stra\u00dfenfest 2017"},"content":{"rendered":"<p>Eindr\u00fccke vom 41. Internationalen Stra\u00dfenfest in Sindelfingen:<\/p>\n<figure id=\"attachment_3820\" aria-describedby=\"caption-attachment-3820\" style=\"width: 1050px\" class=\"wp-caption alignnone\"><a href=\"http:\/\/www.ispas-ev.de\/wp-content\/uploads\/2017\/06\/Internationales_Strassenfest_2017_SIndelfingen-IMG_20170617_232422.jpg\"><img decoding=\"async\" loading=\"lazy\" class=\"size-full wp-image-3820\" src=\"http:\/\/www.ispas-ev.de\/wp-content\/uploads\/2017\/06\/Internationales_Strassenfest_2017_SIndelfingen-IMG_20170617_232422.jpg\" alt=\"\" width=\"1050\" height=\"589\" srcset=\"https:\/\/test.ispas-ev.de\/wp-content\/uploads\/2017\/06\/Internationales_Strassenfest_2017_SIndelfingen-IMG_20170617_232422.jpg 1050w, https:\/\/test.ispas-ev.de\/wp-content\/uploads\/2017\/06\/Internationales_Strassenfest_2017_SIndelfingen-IMG_20170617_232422-300x168.jpg 300w, https:\/\/test.ispas-ev.de\/wp-content\/uploads\/2017\/06\/Internationales_Strassenfest_2017_SIndelfingen-IMG_20170617_232422-768x431.jpg 768w, https:\/\/test.ispas-ev.de\/wp-content\/uploads\/2017\/06\/Internationales_Strassenfest_2017_SIndelfingen-IMG_20170617_232422-1024x574.jpg 1024w\" sizes=\"(max-width: 1050px) 100vw, 1050px\" \/><\/a><figcaption id=\"caption-attachment-3820\" class=\"wp-caption-text\">Internationales Stra\u00dfenfest in Sindelfingen 2017.<\/figcaption><\/figure>\n<figure id=\"attachment_3821\" aria-describedby=\"caption-attachment-3821\" style=\"width: 1050px\" class=\"wp-caption alignnone\"><a href=\"http:\/\/www.ispas-ev.de\/wp-content\/uploads\/2017\/06\/Internationales_Strassenfest_2017_SIndelfingen-IMG_20170617_232441.jpg\"><img decoding=\"async\" loading=\"lazy\" class=\"size-full wp-image-3821\" src=\"http:\/\/www.ispas-ev.de\/wp-content\/uploads\/2017\/06\/Internationales_Strassenfest_2017_SIndelfingen-IMG_20170617_232441.jpg\" alt=\"\" width=\"1050\" height=\"589\" srcset=\"https:\/\/test.ispas-ev.de\/wp-content\/uploads\/2017\/06\/Internationales_Strassenfest_2017_SIndelfingen-IMG_20170617_232441.jpg 1050w, https:\/\/test.ispas-ev.de\/wp-content\/uploads\/2017\/06\/Internationales_Strassenfest_2017_SIndelfingen-IMG_20170617_232441-300x168.jpg 300w, https:\/\/test.ispas-ev.de\/wp-content\/uploads\/2017\/06\/Internationales_Strassenfest_2017_SIndelfingen-IMG_20170617_232441-768x431.jpg 768w, https:\/\/test.ispas-ev.de\/wp-content\/uploads\/2017\/06\/Internationales_Strassenfest_2017_SIndelfingen-IMG_20170617_232441-1024x574.jpg 1024w\" sizes=\"(max-width: 1050px) 100vw, 1050px\" \/><\/a><figcaption id=\"caption-attachment-3821\" class=\"wp-caption-text\">Die ISPAS-BAR.<\/figcaption><\/figure>\n<figure id=\"attachment_3823\" aria-describedby=\"caption-attachment-3823\" style=\"width: 1050px\" class=\"wp-caption alignnone\"><a href=\"http:\/\/www.ispas-ev.de\/wp-content\/uploads\/2017\/06\/Internationales_Strassenfest_2017_SIndelfingen-IMG_20170617_232900.jpg\"><img decoding=\"async\" loading=\"lazy\" class=\"size-full wp-image-3823\" src=\"http:\/\/www.ispas-ev.de\/wp-content\/uploads\/2017\/06\/Internationales_Strassenfest_2017_SIndelfingen-IMG_20170617_232900.jpg\" alt=\"\" width=\"1050\" height=\"589\" srcset=\"https:\/\/test.ispas-ev.de\/wp-content\/uploads\/2017\/06\/Internationales_Strassenfest_2017_SIndelfingen-IMG_20170617_232900.jpg 1050w, https:\/\/test.ispas-ev.de\/wp-content\/uploads\/2017\/06\/Internationales_Strassenfest_2017_SIndelfingen-IMG_20170617_232900-300x168.jpg 300w, https:\/\/test.ispas-ev.de\/wp-content\/uploads\/2017\/06\/Internationales_Strassenfest_2017_SIndelfingen-IMG_20170617_232900-768x431.jpg 768w, https:\/\/test.ispas-ev.de\/wp-content\/uploads\/2017\/06\/Internationales_Strassenfest_2017_SIndelfingen-IMG_20170617_232900-1024x574.jpg 1024w\" sizes=\"(max-width: 1050px) 100vw, 1050px\" \/><\/a><figcaption id=\"caption-attachment-3823\" class=\"wp-caption-text\">Der ISPAS-Stand.<\/figcaption><\/figure>\n<figure id=\"attachment_3822\" aria-describedby=\"caption-attachment-3822\" style=\"width: 1050px\" class=\"wp-caption alignnone\"><a href=\"http:\/\/www.ispas-ev.de\/wp-content\/uploads\/2017\/06\/Internationales_Strassenfest_2017_SIndelfingen-IMG_20170617_232545.jpg\"><img decoding=\"async\" loading=\"lazy\" class=\"size-full wp-image-3822\" src=\"http:\/\/www.ispas-ev.de\/wp-content\/uploads\/2017\/06\/Internationales_Strassenfest_2017_SIndelfingen-IMG_20170617_232545.jpg\" alt=\"\" width=\"1050\" height=\"589\" srcset=\"https:\/\/test.ispas-ev.de\/wp-content\/uploads\/2017\/06\/Internationales_Strassenfest_2017_SIndelfingen-IMG_20170617_232545.jpg 1050w, https:\/\/test.ispas-ev.de\/wp-content\/uploads\/2017\/06\/Internationales_Strassenfest_2017_SIndelfingen-IMG_20170617_232545-300x168.jpg 300w, https:\/\/test.ispas-ev.de\/wp-content\/uploads\/2017\/06\/Internationales_Strassenfest_2017_SIndelfingen-IMG_20170617_232545-768x431.jpg 768w, https:\/\/test.ispas-ev.de\/wp-content\/uploads\/2017\/06\/Internationales_Strassenfest_2017_SIndelfingen-IMG_20170617_232545-1024x574.jpg 1024w\" sizes=\"(max-width: 1050px) 100vw, 1050px\" \/><\/a><figcaption id=\"caption-attachment-3822\" class=\"wp-caption-text\">Die ISPAS-BAR.<\/figcaption><\/figure>\n<figure id=\"attachment_3825\" aria-describedby=\"caption-attachment-3825\" style=\"width: 1050px\" class=\"wp-caption alignnone\"><a href=\"http:\/\/www.ispas-ev.de\/wp-content\/uploads\/2017\/06\/Internationales_Strassenfest_2017_SIndelfingen-IMG_20170617_233208.jpg\"><img decoding=\"async\" loading=\"lazy\" class=\"size-full wp-image-3825\" src=\"http:\/\/www.ispas-ev.de\/wp-content\/uploads\/2017\/06\/Internationales_Strassenfest_2017_SIndelfingen-IMG_20170617_233208.jpg\" alt=\"\" width=\"1050\" height=\"589\" srcset=\"https:\/\/test.ispas-ev.de\/wp-content\/uploads\/2017\/06\/Internationales_Strassenfest_2017_SIndelfingen-IMG_20170617_233208.jpg 1050w, https:\/\/test.ispas-ev.de\/wp-content\/uploads\/2017\/06\/Internationales_Strassenfest_2017_SIndelfingen-IMG_20170617_233208-300x168.jpg 300w, https:\/\/test.ispas-ev.de\/wp-content\/uploads\/2017\/06\/Internationales_Strassenfest_2017_SIndelfingen-IMG_20170617_233208-768x431.jpg 768w, https:\/\/test.ispas-ev.de\/wp-content\/uploads\/2017\/06\/Internationales_Strassenfest_2017_SIndelfingen-IMG_20170617_233208-1024x574.jpg 1024w\" sizes=\"(max-width: 1050px) 100vw, 1050px\" \/><\/a><figcaption id=\"caption-attachment-3825\" class=\"wp-caption-text\">Am Stand unserer ungarischen Partnerstadt Gy\u0151r.<\/figcaption><\/figure>\n<figure id=\"attachment_3826\" aria-describedby=\"caption-attachment-3826\" style=\"width: 1050px\" class=\"wp-caption alignnone\"><a href=\"http:\/\/www.ispas-ev.de\/wp-content\/uploads\/2017\/06\/Internationales_Strassenfest_2017_SIndelfingen-IMG_20170617_233226.jpg\"><img decoding=\"async\" loading=\"lazy\" class=\"size-full wp-image-3826\" src=\"http:\/\/www.ispas-ev.de\/wp-content\/uploads\/2017\/06\/Internationales_Strassenfest_2017_SIndelfingen-IMG_20170617_233226.jpg\" alt=\"\" width=\"1050\" height=\"589\" srcset=\"https:\/\/test.ispas-ev.de\/wp-content\/uploads\/2017\/06\/Internationales_Strassenfest_2017_SIndelfingen-IMG_20170617_233226.jpg 1050w, https:\/\/test.ispas-ev.de\/wp-content\/uploads\/2017\/06\/Internationales_Strassenfest_2017_SIndelfingen-IMG_20170617_233226-300x168.jpg 300w, https:\/\/test.ispas-ev.de\/wp-content\/uploads\/2017\/06\/Internationales_Strassenfest_2017_SIndelfingen-IMG_20170617_233226-768x431.jpg 768w, https:\/\/test.ispas-ev.de\/wp-content\/uploads\/2017\/06\/Internationales_Strassenfest_2017_SIndelfingen-IMG_20170617_233226-1024x574.jpg 1024w\" sizes=\"(max-width: 1050px) 100vw, 1050px\" \/><\/a><figcaption id=\"caption-attachment-3826\" class=\"wp-caption-text\">Am Stand unserer ungarischen Partnerstadt Gy\u0151r.<\/figcaption><\/figure>\n<figure id=\"attachment_3827\" aria-describedby=\"caption-attachment-3827\" style=\"width: 1050px\" class=\"wp-caption alignnone\"><a href=\"http:\/\/www.ispas-ev.de\/wp-content\/uploads\/2017\/06\/Internationales_Strassenfest_2017_SIndelfingen-IMG_20170617_233536.jpg\"><img decoding=\"async\" loading=\"lazy\" class=\"size-full wp-image-3827\" src=\"http:\/\/www.ispas-ev.de\/wp-content\/uploads\/2017\/06\/Internationales_Strassenfest_2017_SIndelfingen-IMG_20170617_233536.jpg\" alt=\"\" width=\"1050\" height=\"589\" srcset=\"https:\/\/test.ispas-ev.de\/wp-content\/uploads\/2017\/06\/Internationales_Strassenfest_2017_SIndelfingen-IMG_20170617_233536.jpg 1050w, https:\/\/test.ispas-ev.de\/wp-content\/uploads\/2017\/06\/Internationales_Strassenfest_2017_SIndelfingen-IMG_20170617_233536-300x168.jpg 300w, https:\/\/test.ispas-ev.de\/wp-content\/uploads\/2017\/06\/Internationales_Strassenfest_2017_SIndelfingen-IMG_20170617_233536-768x431.jpg 768w, https:\/\/test.ispas-ev.de\/wp-content\/uploads\/2017\/06\/Internationales_Strassenfest_2017_SIndelfingen-IMG_20170617_233536-1024x574.jpg 1024w\" sizes=\"(max-width: 1050px) 100vw, 1050px\" \/><\/a><figcaption id=\"caption-attachment-3827\" class=\"wp-caption-text\">Am Stand unserer franz\u00f6sischen Partnerstadt Corbeil-Essonnes.<\/figcaption><\/figure>\n<figure id=\"attachment_3829\" aria-describedby=\"caption-attachment-3829\" style=\"width: 1050px\" class=\"wp-caption alignnone\"><a href=\"http:\/\/www.ispas-ev.de\/wp-content\/uploads\/2017\/06\/Internationales_Strassenfest_2017_SIndelfingen-IMG_20170617_233550.jpg\"><img decoding=\"async\" loading=\"lazy\" class=\"size-full wp-image-3829\" src=\"http:\/\/www.ispas-ev.de\/wp-content\/uploads\/2017\/06\/Internationales_Strassenfest_2017_SIndelfingen-IMG_20170617_233550.jpg\" alt=\"\" width=\"1050\" height=\"589\" srcset=\"https:\/\/test.ispas-ev.de\/wp-content\/uploads\/2017\/06\/Internationales_Strassenfest_2017_SIndelfingen-IMG_20170617_233550.jpg 1050w, https:\/\/test.ispas-ev.de\/wp-content\/uploads\/2017\/06\/Internationales_Strassenfest_2017_SIndelfingen-IMG_20170617_233550-300x168.jpg 300w, https:\/\/test.ispas-ev.de\/wp-content\/uploads\/2017\/06\/Internationales_Strassenfest_2017_SIndelfingen-IMG_20170617_233550-768x431.jpg 768w, https:\/\/test.ispas-ev.de\/wp-content\/uploads\/2017\/06\/Internationales_Strassenfest_2017_SIndelfingen-IMG_20170617_233550-1024x574.jpg 1024w\" sizes=\"(max-width: 1050px) 100vw, 1050px\" \/><\/a><figcaption id=\"caption-attachment-3829\" class=\"wp-caption-text\">Am Stand unserer polnischen Partnerstadt Che\u0142m.<\/figcaption><\/figure>\n<figure id=\"attachment_3828\" aria-describedby=\"caption-attachment-3828\" style=\"width: 1050px\" class=\"wp-caption alignnone\"><a href=\"http:\/\/www.ispas-ev.de\/wp-content\/uploads\/2017\/06\/Internationales_Strassenfest_2017_SIndelfingen-IMG_20170617_233545.jpg\"><img decoding=\"async\" loading=\"lazy\" class=\"size-full wp-image-3828\" src=\"http:\/\/www.ispas-ev.de\/wp-content\/uploads\/2017\/06\/Internationales_Strassenfest_2017_SIndelfingen-IMG_20170617_233545.jpg\" alt=\"\" width=\"1050\" height=\"589\" srcset=\"https:\/\/test.ispas-ev.de\/wp-content\/uploads\/2017\/06\/Internationales_Strassenfest_2017_SIndelfingen-IMG_20170617_233545.jpg 1050w, https:\/\/test.ispas-ev.de\/wp-content\/uploads\/2017\/06\/Internationales_Strassenfest_2017_SIndelfingen-IMG_20170617_233545-300x168.jpg 300w, https:\/\/test.ispas-ev.de\/wp-content\/uploads\/2017\/06\/Internationales_Strassenfest_2017_SIndelfingen-IMG_20170617_233545-768x431.jpg 768w, https:\/\/test.ispas-ev.de\/wp-content\/uploads\/2017\/06\/Internationales_Strassenfest_2017_SIndelfingen-IMG_20170617_233545-1024x574.jpg 1024w\" sizes=\"(max-width: 1050px) 100vw, 1050px\" \/><\/a><figcaption id=\"caption-attachment-3828\" class=\"wp-caption-text\">Am Stand unserer deutschen Partnerstadt Torgau.<\/figcaption><\/figure>\n<figure id=\"attachment_3831\" aria-describedby=\"caption-attachment-3831\" style=\"width: 1050px\" class=\"wp-caption alignnone\"><a href=\"http:\/\/www.ispas-ev.de\/wp-content\/uploads\/2017\/06\/Internationales_Strassenfest_2017_SIndelfingen-IMG_20170617_233720.jpg\"><img decoding=\"async\" loading=\"lazy\" class=\"size-full wp-image-3831\" src=\"http:\/\/www.ispas-ev.de\/wp-content\/uploads\/2017\/06\/Internationales_Strassenfest_2017_SIndelfingen-IMG_20170617_233720.jpg\" alt=\"\" width=\"1050\" height=\"589\" srcset=\"https:\/\/test.ispas-ev.de\/wp-content\/uploads\/2017\/06\/Internationales_Strassenfest_2017_SIndelfingen-IMG_20170617_233720.jpg 1050w, https:\/\/test.ispas-ev.de\/wp-content\/uploads\/2017\/06\/Internationales_Strassenfest_2017_SIndelfingen-IMG_20170617_233720-300x168.jpg 300w, https:\/\/test.ispas-ev.de\/wp-content\/uploads\/2017\/06\/Internationales_Strassenfest_2017_SIndelfingen-IMG_20170617_233720-768x431.jpg 768w, https:\/\/test.ispas-ev.de\/wp-content\/uploads\/2017\/06\/Internationales_Strassenfest_2017_SIndelfingen-IMG_20170617_233720-1024x574.jpg 1024w\" sizes=\"(max-width: 1050px) 100vw, 1050px\" \/><\/a><figcaption id=\"caption-attachment-3831\" class=\"wp-caption-text\">Am Stand unserer Schweizer Partnerstadt Schaffhausen.<\/figcaption><\/figure>\n<figure id=\"attachment_3830\" aria-describedby=\"caption-attachment-3830\" style=\"width: 1050px\" class=\"wp-caption alignnone\"><a href=\"http:\/\/www.ispas-ev.de\/wp-content\/uploads\/2017\/06\/Internationales_Strassenfest_2017_SIndelfingen-IMG_20170617_233635.jpg\"><img decoding=\"async\" loading=\"lazy\" class=\"size-full wp-image-3830\" src=\"http:\/\/www.ispas-ev.de\/wp-content\/uploads\/2017\/06\/Internationales_Strassenfest_2017_SIndelfingen-IMG_20170617_233635.jpg\" alt=\"\" width=\"1050\" height=\"589\" srcset=\"https:\/\/test.ispas-ev.de\/wp-content\/uploads\/2017\/06\/Internationales_Strassenfest_2017_SIndelfingen-IMG_20170617_233635.jpg 1050w, https:\/\/test.ispas-ev.de\/wp-content\/uploads\/2017\/06\/Internationales_Strassenfest_2017_SIndelfingen-IMG_20170617_233635-300x168.jpg 300w, https:\/\/test.ispas-ev.de\/wp-content\/uploads\/2017\/06\/Internationales_Strassenfest_2017_SIndelfingen-IMG_20170617_233635-768x431.jpg 768w, https:\/\/test.ispas-ev.de\/wp-content\/uploads\/2017\/06\/Internationales_Strassenfest_2017_SIndelfingen-IMG_20170617_233635-1024x574.jpg 1024w\" sizes=\"(max-width: 1050px) 100vw, 1050px\" \/><\/a><figcaption id=\"caption-attachment-3830\" class=\"wp-caption-text\">Am Stand unserer italienischen Partnerstadt Sondrio.<\/figcaption><\/figure>\n<figure id=\"attachment_3832\" aria-describedby=\"caption-attachment-3832\" style=\"width: 1050px\" class=\"wp-caption alignnone\"><a href=\"http:\/\/www.ispas-ev.de\/wp-content\/uploads\/2017\/06\/Internationales_Strassenfest_2017_SIndelfingen-IMG_20170617_233810.jpg\"><img decoding=\"async\" loading=\"lazy\" class=\"size-full wp-image-3832\" src=\"http:\/\/www.ispas-ev.de\/wp-content\/uploads\/2017\/06\/Internationales_Strassenfest_2017_SIndelfingen-IMG_20170617_233810.jpg\" alt=\"\" width=\"1050\" height=\"589\" srcset=\"https:\/\/test.ispas-ev.de\/wp-content\/uploads\/2017\/06\/Internationales_Strassenfest_2017_SIndelfingen-IMG_20170617_233810.jpg 1050w, https:\/\/test.ispas-ev.de\/wp-content\/uploads\/2017\/06\/Internationales_Strassenfest_2017_SIndelfingen-IMG_20170617_233810-300x168.jpg 300w, https:\/\/test.ispas-ev.de\/wp-content\/uploads\/2017\/06\/Internationales_Strassenfest_2017_SIndelfingen-IMG_20170617_233810-768x431.jpg 768w, https:\/\/test.ispas-ev.de\/wp-content\/uploads\/2017\/06\/Internationales_Strassenfest_2017_SIndelfingen-IMG_20170617_233810-1024x574.jpg 1024w\" sizes=\"(max-width: 1050px) 100vw, 1050px\" \/><\/a><figcaption id=\"caption-attachment-3832\" class=\"wp-caption-text\">Am Stand unserer englischen Partnerstadt Dronfield.<\/figcaption><\/figure>\n","protected":false},"excerpt":{"rendered":"<p>Eindr\u00fccke vom 41. Internationalen Stra\u00dfenfest in Sindelfingen:<\/p>\n","protected":false},"author":17,"featured_media":3820,"comment_status":"closed","ping_status":"closed","sticky":false,"template":"","format":"standard","meta":{"ngg_post_thumbnail":0},"categories":[44,27],"tags":[],"_links":{"self":[{"href":"https:\/\/test.ispas-ev.de\/index.php?rest_route=\/wp\/v2\/posts\/3814"}],"collection":[{"href":"https:\/\/test.ispas-ev.de\/index.php?rest_route=\/wp\/v2\/posts"}],"about":[{"href":"https:\/\/test.ispas-ev.de\/index.php?rest_route=\/wp\/v2\/types\/post"}],"author":[{"embeddable":true,"href":"https:\/\/test.ispas-ev.de\/index.php?rest_route=\/wp\/v2\/users\/17"}],"replies":[{"embeddable":true,"href":"https:\/\/test.ispas-ev.de\/index.php?rest_route=%2Fwp%2Fv2%2Fcomments&post=3814"}],"version-history":[{"count":11,"href":"https:\/\/test.ispas-ev.de\/index.php?rest_route=\/wp\/v2\/posts\/3814\/revisions"}],"predecessor-version":[{"id":3865,"href":"https:\/\/test.ispas-ev.de\/index.php?rest_route=\/wp\/v2\/posts\/3814\/revisions\/3865"}],"wp:featuredmedia":[{"embeddable":true,"href":"https:\/\/test.ispas-ev.de\/index.php?rest_route=\/wp\/v2\/media\/3820"}],"wp:attachment":[{"href":"https:\/\/test.ispas-ev.de\/index.php?rest_route=%2Fwp%2Fv2%2Fmedia&parent=3814"}],"wp:term":[{"taxonomy":"category","embeddable":true,"href":"https:\/\/test.ispas-ev.de\/index.php?rest_route=%2Fwp%2Fv2%2Fcategories&post=3814"},{"taxonomy":"post_tag","embeddable":true,"href":"https:\/\/test.ispas-ev.de\/index.php?rest_route=%2Fwp%2Fv2%2Ftags&post=3814"}],"curies":[{"name":"wp","href":"https:\/\/api.w.org\/{rel}","templated":true}]}}