{"id":3794,"date":"2017-05-24T21:24:57","date_gmt":"2017-05-24T19:24:57","guid":{"rendered":"http:\/\/www.ispas-ev.de\/?p=3794"},"modified":"2022-07-29T12:59:43","modified_gmt":"2022-07-29T10:59:43","slug":"strandgut-der-film","status":"publish","type":"post","link":"https:\/\/test.ispas-ev.de\/?p=3794","title":{"rendered":"STRANDGUT &#8211; Der Film"},"content":{"rendered":"<h5><strong>&#8222;3 Dinge &#8211; 3 Dinge, die Du mitnehmen w\u00fcrdest, wenn Du aus Deiner Heimat fliehen m\u00fc\u00dftest.&#8220;<\/strong><\/h5>\n<p><strong>Unsere europ\u00e4ische Jugendbegegnung 2016 stand unter dem Thema &#8222;Grenzerfahrungen &#8211; Borderline Experiences. Meine Grenzen. Unsere Grenzen. Die Grenzen Europas.&#8220;<\/strong><\/p>\n<p style=\"text-align: justify;\">42 Jugendliche im Alter von 15 bis 18 Jahren aus 7 L\u00e4ndern der Europ\u00e4ischen Gemeinschaft &#8211; Polen, Ungarn, Italien, Kroatien, England, Frankreich und Deutschland &#8211; kamen in Sindelfingen zur interkulturellen Theater-Performance zusammen. Inhalt des gemeinsamen Workshops war es, die eigenen Lebensbedingungen mit den Lebensbedingungen der Menschen zu konfrontieren, die sich auf die Flucht begeben haben, um den katastrophalen Lebensbedingungen in ihrer Heimat zu entkommen.<\/p>\n<div style=\"width: 640px;\" class=\"wp-video\"><!--[if lt IE 9]><script>document.createElement('video');<\/script><![endif]-->\n<video class=\"wp-video-shortcode\" id=\"video-3794-1\" width=\"640\" height=\"360\" preload=\"metadata\" controls=\"controls\"><source type=\"video\/mp4\" src=\"https:\/\/www.ispas-ev.de\/wp-content\/uploads\/Film\/STRANDGUT-Jugend_in_Aktion\/STRANDGUT.mp4?_=1\" \/><a href=\"https:\/\/www.ispas-ev.de\/wp-content\/uploads\/Film\/STRANDGUT-Jugend_in_Aktion\/STRANDGUT.mp4\">https:\/\/www.ispas-ev.de\/wp-content\/uploads\/Film\/STRANDGUT-Jugend_in_Aktion\/STRANDGUT.mp4<\/a><\/video><\/div>\n<p>&nbsp;<\/p>\n<p style=\"text-align: justify;\">Die Jugendbegegnung wurde gef\u00f6rdert durch Erasmus+, ein F\u00f6rderprogramm der Europ\u00e4ischen Union im Bereich Jugend. Ziel der gef\u00f6rderten Jugendbegegnungen ist es, Solidarit\u00e4t und Toleranz unter jungen Menschen zu entwickeln, gegenseitiges Verst\u00e4ndnis zwischen jungen Menschen aus verschiedenen L\u00e4ndern zu f\u00f6rdern und den sozialen Zusammenhalt der Europ\u00e4ischen Union zu st\u00e4rken. Dass es wie in den Jahren zuvor ein gelungener Event war, zeigt euch das Video!<\/p>\n","protected":false},"excerpt":{"rendered":"<p>&#8222;3 Dinge &#8211; 3 Dinge, die Du mitnehmen w\u00fcrdest, wenn Du aus Deiner Heimat fliehen m\u00fc\u00dftest.&#8220; Unsere europ\u00e4ische Jugendbegegnung 2016 stand unter dem Thema &#8222;Grenzerfahrungen &#8211; Borderline Experiences. Meine Grenzen. [&hellip;]<\/p>\n","protected":false},"author":18,"featured_media":3804,"comment_status":"closed","ping_status":"closed","sticky":false,"template":"","format":"standard","meta":{"ngg_post_thumbnail":0},"categories":[44,1,26,47],"tags":[],"_links":{"self":[{"href":"https:\/\/test.ispas-ev.de\/index.php?rest_route=\/wp\/v2\/posts\/3794"}],"collection":[{"href":"https:\/\/test.ispas-ev.de\/index.php?rest_route=\/wp\/v2\/posts"}],"about":[{"href":"https:\/\/test.ispas-ev.de\/index.php?rest_route=\/wp\/v2\/types\/post"}],"author":[{"embeddable":true,"href":"https:\/\/test.ispas-ev.de\/index.php?rest_route=\/wp\/v2\/users\/18"}],"replies":[{"embeddable":true,"href":"https:\/\/test.ispas-ev.de\/index.php?rest_route=%2Fwp%2Fv2%2Fcomments&post=3794"}],"version-history":[{"count":20,"href":"https:\/\/test.ispas-ev.de\/index.php?rest_route=\/wp\/v2\/posts\/3794\/revisions"}],"predecessor-version":[{"id":6464,"href":"https:\/\/test.ispas-ev.de\/index.php?rest_route=\/wp\/v2\/posts\/3794\/revisions\/6464"}],"wp:featuredmedia":[{"embeddable":true,"href":"https:\/\/test.ispas-ev.de\/index.php?rest_route=\/wp\/v2\/media\/3804"}],"wp:attachment":[{"href":"https:\/\/test.ispas-ev.de\/index.php?rest_route=%2Fwp%2Fv2%2Fmedia&parent=3794"}],"wp:term":[{"taxonomy":"category","embeddable":true,"href":"https:\/\/test.ispas-ev.de\/index.php?rest_route=%2Fwp%2Fv2%2Fcategories&post=3794"},{"taxonomy":"post_tag","embeddable":true,"href":"https:\/\/test.ispas-ev.de\/index.php?rest_route=%2Fwp%2Fv2%2Ftags&post=3794"}],"curies":[{"name":"wp","href":"https:\/\/api.w.org\/{rel}","templated":true}]}}