{"id":3766,"date":"2017-05-01T21:53:08","date_gmt":"2017-05-01T19:53:08","guid":{"rendered":"http:\/\/www.ispas-ev.de\/?p=3766"},"modified":"2017-05-01T22:11:14","modified_gmt":"2017-05-01T20:11:14","slug":"hinweis-auf-die-europawoche-in-sindelfingen","status":"publish","type":"post","link":"https:\/\/test.ispas-ev.de\/?p=3766","title":{"rendered":"Hinweis auf die Europawoche in Sindelfingen"},"content":{"rendered":"<p>Wir m\u00f6chten Sie auf folgende Veranstaltungen hinweisen, welche die Abteilung f\u00fcr Internationale Angelegenheiten der Stadt Sindelfingen <strong>im Rahmen der Europawoche<\/strong> organisiert. Die Europawoche findet dieses Jahr vom <strong>4. bis zum 13. Mai<\/strong> statt.<!--more--><\/p>\n<p>Am <strong>4. Mai<\/strong> f\u00fchrt die Abteilung Internationale Angelegenheiten in Kooperation mit der Landeszentrale f\u00fcr politische Bildung ein <strong>Planspiel<\/strong> mit Sch\u00fclern der zehnten Klasse des Goldberg-Gymnasiums ganztags im Rathaus durch. Die Sch\u00fcler werden gemeinsam mit einem Mitarbeiter der LPB Inhalte und Positionen zum Thema &#8222;Destination Europe&#8220; erarbeiten.<\/p>\n<figure id=\"attachment_3771\" aria-describedby=\"caption-attachment-3771\" style=\"width: 1024px\" class=\"wp-caption alignnone\"><a href=\"http:\/\/www.ispas-ev.de\/wp-content\/uploads\/2017\/05\/Sindelfinger_Rathaus_mit_Europafahne.jpg\"><img decoding=\"async\" loading=\"lazy\" class=\"size-large wp-image-3771\" src=\"http:\/\/www.ispas-ev.de\/wp-content\/uploads\/2017\/05\/Sindelfinger_Rathaus_mit_Europafahne-1024x368.jpg\" alt=\"\" width=\"1024\" height=\"368\" srcset=\"https:\/\/test.ispas-ev.de\/wp-content\/uploads\/2017\/05\/Sindelfinger_Rathaus_mit_Europafahne-1024x368.jpg 1024w, https:\/\/test.ispas-ev.de\/wp-content\/uploads\/2017\/05\/Sindelfinger_Rathaus_mit_Europafahne-300x108.jpg 300w, https:\/\/test.ispas-ev.de\/wp-content\/uploads\/2017\/05\/Sindelfinger_Rathaus_mit_Europafahne-768x276.jpg 768w, https:\/\/test.ispas-ev.de\/wp-content\/uploads\/2017\/05\/Sindelfinger_Rathaus_mit_Europafahne.jpg 1280w\" sizes=\"(max-width: 1024px) 100vw, 1024px\" \/><\/a><figcaption id=\"caption-attachment-3771\" class=\"wp-caption-text\"><a href=\"https:\/\/www.sindelfingen.de\/,Lde\/start\/Politik+Verwaltung\/Europawoche+2017+_+spannende+Veranstaltungen+rund+um+das+Thema+Europa.html\" target=\"_blank\" rel=\"noopener noreferrer\">Europawoche 2017 \u2013 spannende Veranstaltungen rund um das Thema Europa.<\/a><\/figcaption><\/figure>\n<p>Am Vormittag des 5. Mai werden Sch\u00fcler der sechsten und siebten Klasse der Gemeinschaftsschule im Eichholz ins Rathaus eingeladen, um gemeinsam mit der Abteilung f\u00fcr Internationale Angelegenheiten das Thema <strong>Menschenrechte<\/strong> zu erarbeiten. Das Treffen wird gleichzeitig damit verbunden, den Sch\u00fclern das Rathaus vorzustellen.<\/p>\n<p>Des Weiteren wird das <strong>Europa-Caf\u00e9<\/strong> im Treffpunkt Gisela (S\u00e4ngerheim \u2013 Heinestra\u00dfe 5) am 10. Mai zwischen 14:00 und 16:00 Uhr stattfinden. Bei Kaffee und Kuchen gibt es einen Vortrag und Diskussionen zum Thema \u201e60 Jahre Europ\u00e4ische Union \u2013 Gestern, heute morgen?!\u201c Hier sind alle Interessierten herzlich eingeladen.<\/p>\n<p>Auch der Jugendgemeinderat der Stadt Sindelfingen plant in diesem Jahr eine Veranstaltung zur Europawoche: am 13. Mai wird eine <strong>Europa-Party<\/strong> im Jugendhaus das S\u00dcD (Schwertstra\u00dfe 11\/1) zwischen 19:00 und 24:00 Uhr stattfinden. Der Jugendgemeinderat w\u00fcrde sich freuen, an diesem Abend recht viele interessierte junge Menschen begr\u00fc\u00dfen zu k\u00f6nnen, um mit ihnen zu europ\u00e4ischen Hits zu feiern. Jugendliche im Alter zwischen 12 und 15 Jahren k\u00f6nnen bis 22:00 Uhr teilnehmen.<\/p>\n<p>An den Veranstaltungen \u201eEuropa-Caf\u00e9\u201c am 10. Mai und \u201eEuropa-Party\u201c am 13. Mai sind Interessierte ohne Voranmeldung herzlich willkommen.<\/p>\n<p><a href=\"https:\/\/www.sindelfingen.de\/,Lde\/start\/Politik+Verwaltung\/Europawoche+2017+_+spannende+Veranstaltungen+rund+um+das+Thema+Europa.html\" target=\"_blank\" rel=\"noopener noreferrer\">https:\/\/www.sindelfingen.de\/,Lde\/start\/Politik+Verwaltung\/Europawoche+2017+_+spannende+Veranstaltungen+rund+um+das+Thema+Europa.html<\/a><\/p>\n<p>&nbsp;<\/p>\n","protected":false},"excerpt":{"rendered":"<p>Wir m\u00f6chten Sie auf folgende Veranstaltungen hinweisen, welche die Abteilung f\u00fcr Internationale Angelegenheiten der Stadt Sindelfingen im Rahmen der Europawoche organisiert. Die Europawoche findet dieses Jahr vom 4. bis zum [&hellip;]<\/p>\n","protected":false},"author":16,"featured_media":3771,"comment_status":"closed","ping_status":"closed","sticky":false,"template":"","format":"standard","meta":{"ngg_post_thumbnail":0},"categories":[45,30],"tags":[],"_links":{"self":[{"href":"https:\/\/test.ispas-ev.de\/index.php?rest_route=\/wp\/v2\/posts\/3766"}],"collection":[{"href":"https:\/\/test.ispas-ev.de\/index.php?rest_route=\/wp\/v2\/posts"}],"about":[{"href":"https:\/\/test.ispas-ev.de\/index.php?rest_route=\/wp\/v2\/types\/post"}],"author":[{"embeddable":true,"href":"https:\/\/test.ispas-ev.de\/index.php?rest_route=\/wp\/v2\/users\/16"}],"replies":[{"embeddable":true,"href":"https:\/\/test.ispas-ev.de\/index.php?rest_route=%2Fwp%2Fv2%2Fcomments&post=3766"}],"version-history":[{"count":5,"href":"https:\/\/test.ispas-ev.de\/index.php?rest_route=\/wp\/v2\/posts\/3766\/revisions"}],"predecessor-version":[{"id":3774,"href":"https:\/\/test.ispas-ev.de\/index.php?rest_route=\/wp\/v2\/posts\/3766\/revisions\/3774"}],"wp:featuredmedia":[{"embeddable":true,"href":"https:\/\/test.ispas-ev.de\/index.php?rest_route=\/wp\/v2\/media\/3771"}],"wp:attachment":[{"href":"https:\/\/test.ispas-ev.de\/index.php?rest_route=%2Fwp%2Fv2%2Fmedia&parent=3766"}],"wp:term":[{"taxonomy":"category","embeddable":true,"href":"https:\/\/test.ispas-ev.de\/index.php?rest_route=%2Fwp%2Fv2%2Fcategories&post=3766"},{"taxonomy":"post_tag","embeddable":true,"href":"https:\/\/test.ispas-ev.de\/index.php?rest_route=%2Fwp%2Fv2%2Ftags&post=3766"}],"curies":[{"name":"wp","href":"https:\/\/api.w.org\/{rel}","templated":true}]}}