{"id":3761,"date":"2017-05-01T21:20:58","date_gmt":"2017-05-01T19:20:58","guid":{"rendered":"http:\/\/www.ispas-ev.de\/?p=3761"},"modified":"2017-05-03T21:41:19","modified_gmt":"2017-05-03T19:41:19","slug":"bericht-ueber-erasmus-jugend-in-aktion-2016","status":"publish","type":"post","link":"https:\/\/test.ispas-ev.de\/?p=3761","title":{"rendered":"Bericht \u00fcber Erasmus+ Jugend in Aktion 2016"},"content":{"rendered":"<h3>GRENZERFAHRUNGEN \u2013 BORDERLINE EXPERIENCES. Meine Grenzen. Unsere Grenzen. Die Grenzen Europas.<\/h3>\n<p>Autor: Ulrich Von der M\u00fclbe<\/p>\n<p style=\"text-align: justify;\">Der Verein \u201eInitiative St\u00e4dtepartnerschaften Sindelfingen e.V.\u201c (ISPAS) hatte im November 2016 \u2013 inzwischen bereits zum siebten Mal &#8211; zu dem interkulturellen Jugendprojekt \u201cGRENZERFAHRUNGEN \u2013 BORDERLINE EXPERIENCES. Meine Grenzen. Unsere Grenzen. Die Grenzen Europas.\u201c eingeladen: 37 Jugendliche im Alter von 15 \u2013 18 Jahren kamen aus 7 L\u00e4ndern der Europ\u00e4ischen Gemeinschaft, aus England, Frankreich, Italien, Kroatien, Ungarn, Polen und Deutschland im Rahmen von Erasmus+ als G\u00e4ste von ISPAS f\u00fcr 10 Tage nach Sindelfingen.<!--more--><\/p>\n<figure id=\"attachment_3762\" aria-describedby=\"caption-attachment-3762\" style=\"width: 1024px\" class=\"wp-caption alignnone\"><a href=\"http:\/\/www.ispas-ev.de\/wp-content\/uploads\/2017\/05\/Bild_1_JiA_2016__.jpg\"><img decoding=\"async\" loading=\"lazy\" class=\"size-large wp-image-3762\" src=\"http:\/\/www.ispas-ev.de\/wp-content\/uploads\/2017\/05\/Bild_1_JiA_2016__-1024x726.jpg\" alt=\"Die Gruppe 2016 mit den Begleitlehrern.\" width=\"1024\" height=\"726\" srcset=\"https:\/\/test.ispas-ev.de\/wp-content\/uploads\/2017\/05\/Bild_1_JiA_2016__-1024x726.jpg 1024w, https:\/\/test.ispas-ev.de\/wp-content\/uploads\/2017\/05\/Bild_1_JiA_2016__-300x213.jpg 300w, https:\/\/test.ispas-ev.de\/wp-content\/uploads\/2017\/05\/Bild_1_JiA_2016__-768x545.jpg 768w, https:\/\/test.ispas-ev.de\/wp-content\/uploads\/2017\/05\/Bild_1_JiA_2016__.jpg 1280w\" sizes=\"(max-width: 1024px) 100vw, 1024px\" \/><\/a><figcaption id=\"caption-attachment-3762\" class=\"wp-caption-text\">Die Gruppe 2016 mit den Begleitlehrer\/-innen.<\/figcaption><\/figure>\n<p style=\"text-align: justify;\">Bis auf die kroatischen Jugendlichen kamen alle Gruppen aus den Partnerst\u00e4dten Sindelfingens. Sie erarbeiteten gemeinsam mit den beiden Theaterp\u00e4dagoginnen Anke Marx und Annette von der M\u00fclbe die Performance STRANDGUT, die sie zwei Mal im Jugendhaus \u201eS\u00dcD. Treffpunkt f\u00fcr Jugendkultur. Sindelfingen\u201c unter gro\u00dfer Anteilnahme und begeisterter Aufnahme durch die \u00d6ffentlichkeit auff\u00fchrten.<\/p>\n<p style=\"text-align: justify;\">Die \u201edeutsche\u201c Gruppe setzte sich aus Jugendlichen einer Vorbereitungsklasse der Gottlieb-Daimler-Schule zusammen, die alleine oder mit ihren Familien aus Afghanistan, aus Syrien und aus europ\u00e4ischen L\u00e4ndern in Deutschland Zuflucht gefunden haben.<\/p>\n<p style=\"text-align: justify;\">In diesem Theater-Workshop konfrontierten die Jugendlichen ihre eigenen Lebensbedingungen mit der Situation der Menschen, die sich auf die Flucht begeben haben, um den katastrophalen Lebensbedingungen in ihrer Heimat zu entkommen, und die sich auf ihrer Flucht erhoffen, in Europa Asyl zu finden.<\/p>\n<p style=\"text-align: justify;\">Als vorbereitende Aufgabe hatten wir alle teilnehmenden Jugendlichen gebeten, drei Dinge zu fotografieren, die sie mitnehmen w\u00fcrden, wenn sie aus ihrer Heimat fliehen m\u00fcssten. Alle Jugendlichen schickten uns diese sehr pers\u00f6nlichen und auch sehr ber\u00fchrenden Fotos rechtzeitig zu dem Vorbereitungstreffen im Oktober in Sindelfingen. Gemeinsam mit den Delegierten der einzelnen Gruppen trafen wir eine Vorauswahl dieser Fotos f\u00fcr den eigentlichen Theater-Workshop.<\/p>\n<p style=\"text-align: justify;\">Durch diese ganzheitliche Methode lernten die Jugendlichen sich auf einer Ebene kennen, die in ihrer Schule und ihrem Alltagsleben keinen Raum hat: Sie nahmen sich sensibler wahr, bauten Vorurteile ab, lernten sich gegenseitig \u2013 unabh\u00e4ngig von Herkunft, Nation, Sprache, Kultur, sozialer Schicht \u2013 zu respektieren und wertzusch\u00e4tzen. Sie lie\u00dfen sich ganz konkret auf die unterschiedlichsten, eigenen Lebensentw\u00fcrfe der Projekt-Teilnehmer\/-innen ein und entwickelten Empathie mit der Notsituation der Fl\u00fcchtlinge. Vor allem auch deswegen, weil bei diesem Projekt Jugendliche mitwirkten, die sich selber auf die lange und bedrohliche Flucht nach Deutschland begeben hatten und nach einigem Z\u00f6gern bereit waren, den anderen Jugendlichen von ihren Erlebnissen und Erfahrungen zu berichten.<\/p>\n<p style=\"text-align: justify;\">Zu Beginn unseres Theater-Workshops fuhren wir gemeinsam 3 Tage nach Balingen ins \u201eHaus der Volkskunst\u201c. Dort entwickelten die Jugendlichen der einzelnen L\u00e4nder-Gruppen mithilfe der Fotos aus Improvisationen Geschichten, die in die gemeinsame Abschlussperformance STRANDGUT m\u00fcndeten. Bei all diesen Improvisationen war zu erkennen, dass die Jugendlichen sich zum Ziel gesetzt hatten, nationale Egoismen bei der L\u00f6sung der Fl\u00fcchtlingskrise zu \u00fcberwinden und damit dem Mainstream in ihrem Heimatland zu widersprechen.<\/p>\n<p style=\"text-align: justify;\">Nach Sindelfingen zur\u00fcckgekehrt, g\u00f6nnten wir den Jugendlichen erst einmal eine \u201eTheaterpause\u201c: So konnten sie Sindelfingen in einer F\u00fchrung kennenlernen, das Daimlerwerk besichtigen und bestaunen, die gro\u00dfartigen Ausstellungen im Schauwerk anschauen, nach Stuttgart zum obligatorischen Shopping fahren und das duale Ausbildungssystem in der Gottlieb-Daimler-Schule studieren.<\/p>\n<p style=\"text-align: justify;\">Anschlie\u00dfend ging es im \u201eS\u00dcD. Treffpunkt f\u00fcr Jugendkultur\u201c wieder an die Arbeit f\u00fcr die gemeinsame Performance STRANDGUT. An den Abenden trafen wir uns dann mit den Gastfamilien bei unseren Ess-Kultur-Abenden im Katholischen Gemeindezentrum auf dem Goldberg. Diese Abende hatten die Jugendlichen mit ihren Begleitlehrer\/-innen zuhause von langer Hand vorbereitet: Sie bereiteten ein leckeres Abendessen vor, das typisch f\u00fcr ihr Land war und sie stellten uns ihre Lebenswelt &#8211; aus der Sicht der Jugendlichen &#8211; vor. F\u00fcr alle Beteiligten waren dies sehr spannende und informative Abende, weil wir aus erster Hand erfuhren, welche Einstellungen die Jugendlichen zur Europ\u00e4ischen Gemeinschaft und ihren Werten hatten und wie sie auf die Europa-Skeptiker in ihren L\u00e4ndern reagierten.<\/p>\n<figure id=\"attachment_3763\" aria-describedby=\"caption-attachment-3763\" style=\"width: 1024px\" class=\"wp-caption alignnone\"><a href=\"http:\/\/www.ispas-ev.de\/wp-content\/uploads\/2017\/05\/Bild_2_JiA_2016__.jpg\"><img decoding=\"async\" loading=\"lazy\" class=\"size-large wp-image-3763\" src=\"http:\/\/www.ispas-ev.de\/wp-content\/uploads\/2017\/05\/Bild_2_JiA_2016__-1024x768.jpg\" alt=\"Auf der Galerie im S\u00dcD.\" width=\"1024\" height=\"768\" srcset=\"https:\/\/test.ispas-ev.de\/wp-content\/uploads\/2017\/05\/Bild_2_JiA_2016__-1024x768.jpg 1024w, https:\/\/test.ispas-ev.de\/wp-content\/uploads\/2017\/05\/Bild_2_JiA_2016__-300x225.jpg 300w, https:\/\/test.ispas-ev.de\/wp-content\/uploads\/2017\/05\/Bild_2_JiA_2016__-768x576.jpg 768w, https:\/\/test.ispas-ev.de\/wp-content\/uploads\/2017\/05\/Bild_2_JiA_2016__.jpg 1280w\" sizes=\"(max-width: 1024px) 100vw, 1024px\" \/><\/a><figcaption id=\"caption-attachment-3763\" class=\"wp-caption-text\">Auf der Galerie im S\u00dcD.<\/figcaption><\/figure>\n<p style=\"text-align: justify;\">Der h\u00f6chste H\u00f6hepunkt in diesem an H\u00f6hepunkten reichen 10-t\u00e4gigen Workshops war dann die gemeinsame Performance STRANDGUT an zwei Abenden im \u201eS\u00dcD. Treffpunkt f\u00fcr Jugendkultur\u201c. Viele Zuschauer, Jung und Alt, kamen! F\u00fcr viele von ihnen war dies der erste Besuch im \u201eS\u00fcd\u201c und viele Besucher zeigten sich \u00fcberrascht, wie perfekt dieses Jugendhaus eingerichtet war. Ganz begeistert waren alle von der gro\u00dfartigen Theaterauff\u00fchrung: In wenigen Tagen hatten diese Jugendlichen, von denen die meisten keinerlei Theatererfahrung hatten, es geschafft, gemeinsam eine fantastischen Performance auf die B\u00fchne zu bringen! Im Anschluss an diese Auff\u00fchrungen feierten dann alle miteinander, Jugendliche, Begleitlehrer\/-innen, Gastfamilien, Organisatoren\/-innen von ISPAS dieses gelungene Projekt!<\/p>\n<figure id=\"attachment_3764\" aria-describedby=\"caption-attachment-3764\" style=\"width: 1024px\" class=\"wp-caption alignnone\"><a href=\"http:\/\/www.ispas-ev.de\/wp-content\/uploads\/2017\/05\/Bild_3_JiA_2016__.jpg\"><img decoding=\"async\" loading=\"lazy\" class=\"size-large wp-image-3764\" src=\"http:\/\/www.ispas-ev.de\/wp-content\/uploads\/2017\/05\/Bild_3_JiA_2016__-1024x768.jpg\" alt=\"Abschluss auf der B\u00fchne mit den Landesflaggen.\" width=\"1024\" height=\"768\" srcset=\"https:\/\/test.ispas-ev.de\/wp-content\/uploads\/2017\/05\/Bild_3_JiA_2016__-1024x768.jpg 1024w, https:\/\/test.ispas-ev.de\/wp-content\/uploads\/2017\/05\/Bild_3_JiA_2016__-300x225.jpg 300w, https:\/\/test.ispas-ev.de\/wp-content\/uploads\/2017\/05\/Bild_3_JiA_2016__-768x576.jpg 768w, https:\/\/test.ispas-ev.de\/wp-content\/uploads\/2017\/05\/Bild_3_JiA_2016__.jpg 1280w\" sizes=\"(max-width: 1024px) 100vw, 1024px\" \/><\/a><figcaption id=\"caption-attachment-3764\" class=\"wp-caption-text\">Abschluss auf der B\u00fchne mit den Landesflaggen.<\/figcaption><\/figure>\n<p style=\"text-align: justify;\">Als dann der Abschied nahte, flossen viele viele Tr\u00e4nen und alle schworen, sich \u00fcber die sozialen Netzwerke immer wieder zu kontaktieren und sich niemals aus den Augen zu verlieren!<\/p>\n<p style=\"text-align: justify;\">Gerade in unseren schwierigen Zeiten, in denen die Zahl der Europa-Skeptiker anzuwachsen scheint, halten wir es f\u00fcr besonders wichtig, jungen Menschen diese positiven Erfahrungen eines geeinten Europas modellhaft m\u00f6glich zu machen und diese positiven Seiten Europas der \u00d6ffentlichkeit vor Augen zu f\u00fchren!<\/p>\n","protected":false},"excerpt":{"rendered":"<p>GRENZERFAHRUNGEN \u2013 BORDERLINE EXPERIENCES. Meine Grenzen. Unsere Grenzen. Die Grenzen Europas. Autor: Ulrich Von der M\u00fclbe Der Verein \u201eInitiative St\u00e4dtepartnerschaften Sindelfingen e.V.\u201c (ISPAS) hatte im November 2016 \u2013 inzwischen bereits [&hellip;]<\/p>\n","protected":false},"author":13,"featured_media":3764,"comment_status":"closed","ping_status":"closed","sticky":false,"template":"","format":"standard","meta":{"ngg_post_thumbnail":0},"categories":[1,26],"tags":[],"_links":{"self":[{"href":"https:\/\/test.ispas-ev.de\/index.php?rest_route=\/wp\/v2\/posts\/3761"}],"collection":[{"href":"https:\/\/test.ispas-ev.de\/index.php?rest_route=\/wp\/v2\/posts"}],"about":[{"href":"https:\/\/test.ispas-ev.de\/index.php?rest_route=\/wp\/v2\/types\/post"}],"author":[{"embeddable":true,"href":"https:\/\/test.ispas-ev.de\/index.php?rest_route=\/wp\/v2\/users\/13"}],"replies":[{"embeddable":true,"href":"https:\/\/test.ispas-ev.de\/index.php?rest_route=%2Fwp%2Fv2%2Fcomments&post=3761"}],"version-history":[{"count":5,"href":"https:\/\/test.ispas-ev.de\/index.php?rest_route=\/wp\/v2\/posts\/3761\/revisions"}],"predecessor-version":[{"id":3789,"href":"https:\/\/test.ispas-ev.de\/index.php?rest_route=\/wp\/v2\/posts\/3761\/revisions\/3789"}],"wp:featuredmedia":[{"embeddable":true,"href":"https:\/\/test.ispas-ev.de\/index.php?rest_route=\/wp\/v2\/media\/3764"}],"wp:attachment":[{"href":"https:\/\/test.ispas-ev.de\/index.php?rest_route=%2Fwp%2Fv2%2Fmedia&parent=3761"}],"wp:term":[{"taxonomy":"category","embeddable":true,"href":"https:\/\/test.ispas-ev.de\/index.php?rest_route=%2Fwp%2Fv2%2Fcategories&post=3761"},{"taxonomy":"post_tag","embeddable":true,"href":"https:\/\/test.ispas-ev.de\/index.php?rest_route=%2Fwp%2Fv2%2Ftags&post=3761"}],"curies":[{"name":"wp","href":"https:\/\/api.w.org\/{rel}","templated":true}]}}