{"id":3749,"date":"2017-04-23T14:49:07","date_gmt":"2017-04-23T12:49:07","guid":{"rendered":"http:\/\/www.ispas-ev.de\/?p=3749"},"modified":"2017-04-23T14:49:52","modified_gmt":"2017-04-23T12:49:52","slug":"pulse-of-europe-kundgebung-am-sonntag-23-april-auf-dem-flugfeld","status":"publish","type":"post","link":"https:\/\/test.ispas-ev.de\/?p=3749","title":{"rendered":"\u201ePulse of Europe\u201c. Kundgebung am Sonntag, 23. April auf dem Flugfeld"},"content":{"rendered":"<h5><strong>Pressemitteilung der Europa-Union Deutschland e.V., Kreisverband B\u00f6blingen:<\/strong><\/h5>\n<h3>Zeichen setzen f\u00fcr Europa \u2013 die Europa-Union Kreisverband B\u00f6blingen unterst\u00fctzt die Bewegung \u201ePulse of Europe\u201c. Kundgebung am Sonntag, 23. April auf dem Flugfeld<\/h3>\n<p><a href=\"http:\/\/www.ispas-ev.de\/wp-content\/uploads\/2017\/04\/Europa-Union.png\"><img decoding=\"async\" loading=\"lazy\" class=\"alignnone wp-image-3750 size-large\" src=\"http:\/\/www.ispas-ev.de\/wp-content\/uploads\/2017\/04\/Europa-Union-1024x604.png\" alt=\"\" width=\"1024\" height=\"604\" srcset=\"https:\/\/test.ispas-ev.de\/wp-content\/uploads\/2017\/04\/Europa-Union-1024x604.png 1024w, https:\/\/test.ispas-ev.de\/wp-content\/uploads\/2017\/04\/Europa-Union-300x177.png 300w, https:\/\/test.ispas-ev.de\/wp-content\/uploads\/2017\/04\/Europa-Union-768x453.png 768w, https:\/\/test.ispas-ev.de\/wp-content\/uploads\/2017\/04\/Europa-Union.png 1181w\" sizes=\"(max-width: 1024px) 100vw, 1024px\" \/><\/a><\/p>\n<p>Nach der ersten Kundgebung vor zwei Wochen, l\u00e4dt die Europa-Union Kreisverband B\u00f6blingen erneut f\u00fcr kommenden Sonntag, den 23. April um 14 Uhr auf den Hanns-Klemm-Platz auf dem Flugfeld B\u00f6blingen-Sindelfingen zu einer Kundgebung ein.<\/p>\n<p>Durch nationalistische und radikale Bestrebungen ger\u00e4t das Ziel eines Europas in dem die Achtung der Menschw\u00fcrde, die Rechtsstaatlichkeit, freiheitliches Denken und Handeln, Toleranz und Respekt selbstverst\u00e4ndliche Grundlage des Gemeinwesens sind, in Gefahr.<\/p>\n<p>Da eine Mehrheit der Bev\u00f6lkerung hinter der europ\u00e4ischen Idee steht, soll gemeinsam ein sichtbares Zeichen f\u00fcr ein geeintes und starkes Europa gesetzt werden.<\/p>\n<p>Die Kreisvorsitzende Sabine Kober und weitere Mitstreiter laden herzlich zu einem Austausch \u00fcber Europa ein und hoffen auf gute Gespr\u00e4che und zahlreiche Besucherinnen und Besucher f\u00fcr ein zukunftsf\u00e4higes Europa.<\/p>\n<p><em><strong>Kurzinformation Europa-Union Deutschland:<\/strong> Die Europa-Union ist eine deutschlandweit t\u00e4tige Nichtregierungsorganisation, die seit 1946 f\u00fcr eine weitreichende europ\u00e4ische Integration eintritt \u2013 unabh\u00e4ngig und \u00fcberparteilich. Die Europa-Union ist lokal, regional und national aktiv und vereint unter ihren 17.000 Mitgliedern Vertreterinnen und Vertreter aller gesellschaftlichen Gruppen. Als Mittlerin zwischen B\u00fcrgerinnen und B\u00fcrgern und den Institutionen auf allen Ebenen der europ\u00e4ischen Politik engagiert sie sich f\u00fcr ein \u201eEuropa der B\u00fcrger\u201c, das von einem m\u00f6glichst breiten gesellschaftlichen Konsens getragen wird. Die Europa-Union ist der deutsche Zweig der Union Europ\u00e4ischer F\u00f6deralisten [UEF] und gemeinsam mit ihrem Jugendverband Junge Europ\u00e4ische F\u00f6deralisten [JEF] Mitglied des Netzwerks Europ\u00e4ische Bewegung Deutschland [EBD]. www.europa-union.de<\/em><\/p>\n<p>Kreisgesch\u00e4ftsf\u00fchrerin Astrid Paul, Europa-Union Deutschland e.V., Kreisverband B\u00f6blingen<\/p>\n","protected":false},"excerpt":{"rendered":"<p>Pressemitteilung der Europa-Union Deutschland e.V., Kreisverband B\u00f6blingen: Zeichen setzen f\u00fcr Europa \u2013 die Europa-Union Kreisverband B\u00f6blingen unterst\u00fctzt die Bewegung \u201ePulse of Europe\u201c. Kundgebung am Sonntag, 23. April auf dem Flugfeld [&hellip;]<\/p>\n","protected":false},"author":8,"featured_media":3750,"comment_status":"closed","ping_status":"closed","sticky":false,"template":"","format":"standard","meta":{"ngg_post_thumbnail":0},"categories":[1,46],"tags":[],"_links":{"self":[{"href":"https:\/\/test.ispas-ev.de\/index.php?rest_route=\/wp\/v2\/posts\/3749"}],"collection":[{"href":"https:\/\/test.ispas-ev.de\/index.php?rest_route=\/wp\/v2\/posts"}],"about":[{"href":"https:\/\/test.ispas-ev.de\/index.php?rest_route=\/wp\/v2\/types\/post"}],"author":[{"embeddable":true,"href":"https:\/\/test.ispas-ev.de\/index.php?rest_route=\/wp\/v2\/users\/8"}],"replies":[{"embeddable":true,"href":"https:\/\/test.ispas-ev.de\/index.php?rest_route=%2Fwp%2Fv2%2Fcomments&post=3749"}],"version-history":[{"count":2,"href":"https:\/\/test.ispas-ev.de\/index.php?rest_route=\/wp\/v2\/posts\/3749\/revisions"}],"predecessor-version":[{"id":3752,"href":"https:\/\/test.ispas-ev.de\/index.php?rest_route=\/wp\/v2\/posts\/3749\/revisions\/3752"}],"wp:featuredmedia":[{"embeddable":true,"href":"https:\/\/test.ispas-ev.de\/index.php?rest_route=\/wp\/v2\/media\/3750"}],"wp:attachment":[{"href":"https:\/\/test.ispas-ev.de\/index.php?rest_route=%2Fwp%2Fv2%2Fmedia&parent=3749"}],"wp:term":[{"taxonomy":"category","embeddable":true,"href":"https:\/\/test.ispas-ev.de\/index.php?rest_route=%2Fwp%2Fv2%2Fcategories&post=3749"},{"taxonomy":"post_tag","embeddable":true,"href":"https:\/\/test.ispas-ev.de\/index.php?rest_route=%2Fwp%2Fv2%2Ftags&post=3749"}],"curies":[{"name":"wp","href":"https:\/\/api.w.org\/{rel}","templated":true}]}}