{"id":3741,"date":"2017-04-13T17:34:49","date_gmt":"2017-04-13T15:34:49","guid":{"rendered":"http:\/\/www.ispas-ev.de\/?p=3741"},"modified":"2017-04-14T16:51:34","modified_gmt":"2017-04-14T14:51:34","slug":"an-europa-interessierte-auf-dem-flugfeld","status":"publish","type":"post","link":"https:\/\/test.ispas-ev.de\/?p=3741","title":{"rendered":"An Europa Interessierte auf dem Flugfeld"},"content":{"rendered":"<h5>Der Kreisverein der Europa-Union hatte auf den Hanns-Klemm-Platz eingeladen und ca. 60 Interessierte kamen, davon sehr viele ISPAS-Mitglieder.<\/h5>\n<p><strong>Es ging darum, am Sonntag, 9. April, 14 Uhr, Flagge zu zeigen f\u00fcr Europa. Das Ganze war als Unterst\u00fctzung f\u00fcr <a href=\"http:\/\/pulseofeurope.eu\/\">Pulse of Europe<\/a> gedacht.<\/strong><\/p>\n<p><!--more--><\/p>\n<figure id=\"attachment_3742\" aria-describedby=\"caption-attachment-3742\" style=\"width: 507px\" class=\"wp-caption alignnone\"><a href=\"http:\/\/www.ispas-ev.de\/wp-content\/uploads\/2017\/04\/An-Europa-Interessierte-auf-dem-Flugfeld.jpg\"><img decoding=\"async\" loading=\"lazy\" class=\"wp-image-3742 size-full\" src=\"http:\/\/www.ispas-ev.de\/wp-content\/uploads\/2017\/04\/An-Europa-Interessierte-auf-dem-Flugfeld.jpg\" alt=\"Die Gruppe der ISPAS-Mitglieder\" width=\"507\" height=\"285\" srcset=\"https:\/\/test.ispas-ev.de\/wp-content\/uploads\/2017\/04\/An-Europa-Interessierte-auf-dem-Flugfeld.jpg 507w, https:\/\/test.ispas-ev.de\/wp-content\/uploads\/2017\/04\/An-Europa-Interessierte-auf-dem-Flugfeld-300x169.jpg 300w\" sizes=\"(max-width: 507px) 100vw, 507px\" \/><\/a><figcaption id=\"caption-attachment-3742\" class=\"wp-caption-text\">Die Gruppe der ISPAS-Mitglieder<\/figcaption><\/figure>\n<p>Da die Regeln von Pulse of Europe keine Organisationen als Organisatoren zulassen, wird die n\u00e4chste Veranstaltung voraussichtlich am Sonntag, 23. April, um 14 Uhr unter der Federf\u00fchrung von Pulse of Europe direkt stattfinden. Das Interesse der Kreisb\u00fcrger scheint da zu sein.<\/p>\n<h5><a href=\"http:\/\/pulseofeurope.eu\/\" target=\"_blank\"><strong>Pulse of Europe<\/strong><\/a><\/h5>\n<p><a href=\"http:\/\/pulseofeurope.eu\/\" target=\"_blank\"><img decoding=\"async\" loading=\"lazy\" class=\"alignnone\" src=\"http:\/\/pulseofeurope.eu\/wp-content\/uploads\/2016\/12\/cropped-Fotolia_63000413_L.jpg\" alt=\"Europa-Fahne Pulse of Europe\" width=\"2000\" height=\"1199\"><\/a><\/p>\n<p>ist eine in Frankfurt am Main gegr\u00fcndete \u00fcberparteiliche und unabh\u00e4ngige B\u00fcrgerinitiative. Sie entstand aus einer Idee der Frankfurter Rechtsanw\u00e4lte Daniel und Sabine R\u00f6der mit dem Ziel, \u201eden europ\u00e4ischen Gedanken wieder sichtbar und h\u00f6rbar zu machen\u201c. Angesichts des EU-Austritts von Gro\u00dfbritannien und des vermehrten Auftretens rechtspopulistischer und nationalistischer Parteien ist es ihr Anliegen, dieser Entwicklung mit einer \u00f6ffentlichen, pro-europ\u00e4ischen Bewegung entgegenzutreten.<\/p>\n<p>Am 2. April 2017 nahmen in 12 europ\u00e4ischen L\u00e4ndern und 85 St\u00e4dten etwa 48.000 Menschen teil. Nach Orten und Teilnehmerzahlen \u00fcberwogen weiterhin deutsche St\u00e4dte, w\u00e4hrend sich die Teilnehmerzahlen in anderen europ\u00e4ischen L\u00e4ndern zwischen 10 und wenigen hundert Menschen bewegten.<\/p>\n<h5>Grundthesen von Pulse of Europe<\/h5>\n<p>1. Europa darf nicht scheitern<br \/>\n2. Der Friede steht auf dem Spiel<br \/>\n3. Wir sind verantwortlich<br \/>\n4. Aufstehen und w\u00e4hlen gehen<br \/>\n5. Grundrechte und Rechtsstaatlichkeit sind unantastbar<br \/>\n6. Die europ\u00e4ischen Grundfreiheiten sind nicht verhandelbar<br \/>\n7. Reformen sind notwendig<br \/>\n8. Misstrauen ernst nehmen<br \/>\n9. Vielfalt und Gemeinsames<br \/>\n10. Alle k\u00f6nnen mitmachen \u2013 und sollen es auch<\/p>\n<p>Ursula Steinh\u00fcbl<br \/>\nSchriftf\u00fchrerin<\/p>\n","protected":false},"excerpt":{"rendered":"<p>Der Kreisverein der Europa-Union hatte auf den Hanns-Klemm-Platz eingeladen und ca. 60 Interessierte kamen, davon sehr viele ISPAS-Mitglieder. Es ging darum, am Sonntag, 9. April, 14 Uhr, Flagge zu zeigen [&hellip;]<\/p>\n","protected":false},"author":16,"featured_media":3742,"comment_status":"closed","ping_status":"closed","sticky":false,"template":"","format":"standard","meta":{"ngg_post_thumbnail":0},"categories":[44,1,45],"tags":[],"_links":{"self":[{"href":"https:\/\/test.ispas-ev.de\/index.php?rest_route=\/wp\/v2\/posts\/3741"}],"collection":[{"href":"https:\/\/test.ispas-ev.de\/index.php?rest_route=\/wp\/v2\/posts"}],"about":[{"href":"https:\/\/test.ispas-ev.de\/index.php?rest_route=\/wp\/v2\/types\/post"}],"author":[{"embeddable":true,"href":"https:\/\/test.ispas-ev.de\/index.php?rest_route=\/wp\/v2\/users\/16"}],"replies":[{"embeddable":true,"href":"https:\/\/test.ispas-ev.de\/index.php?rest_route=%2Fwp%2Fv2%2Fcomments&post=3741"}],"version-history":[{"count":5,"href":"https:\/\/test.ispas-ev.de\/index.php?rest_route=\/wp\/v2\/posts\/3741\/revisions"}],"predecessor-version":[{"id":3747,"href":"https:\/\/test.ispas-ev.de\/index.php?rest_route=\/wp\/v2\/posts\/3741\/revisions\/3747"}],"wp:featuredmedia":[{"embeddable":true,"href":"https:\/\/test.ispas-ev.de\/index.php?rest_route=\/wp\/v2\/media\/3742"}],"wp:attachment":[{"href":"https:\/\/test.ispas-ev.de\/index.php?rest_route=%2Fwp%2Fv2%2Fmedia&parent=3741"}],"wp:term":[{"taxonomy":"category","embeddable":true,"href":"https:\/\/test.ispas-ev.de\/index.php?rest_route=%2Fwp%2Fv2%2Fcategories&post=3741"},{"taxonomy":"post_tag","embeddable":true,"href":"https:\/\/test.ispas-ev.de\/index.php?rest_route=%2Fwp%2Fv2%2Ftags&post=3741"}],"curies":[{"name":"wp","href":"https:\/\/api.w.org\/{rel}","templated":true}]}}