{"id":3662,"date":"2017-02-05T13:20:21","date_gmt":"2017-02-05T12:20:21","guid":{"rendered":"http:\/\/www.ispas-ev.de\/?p=3662"},"modified":"2017-02-11T11:47:24","modified_gmt":"2017-02-11T10:47:24","slug":"21-jahreshauptversammlung-der-initiative-staedtepartnerschaften-sindelfingen-in-der-smtt","status":"publish","type":"post","link":"https:\/\/test.ispas-ev.de\/?p=3662","title":{"rendered":"21. Jahreshauptversammlung der Initiative St\u00e4dtepartnerschaften Sindelfingen in der SMTT"},"content":{"rendered":"<p>Die Vorsitzende Brigitte Stegmaier begr\u00fc\u00dfte die Anwesenden mit einer R\u00fcckschau auf das vergangene und einer Vorschau auf dieses Jahr. Die R\u00fcckschau bezog sich auf die Fahrt zum Europarat nach Stra\u00dfburg im M\u00e4rz, die das Geschenk der Stadt zum 20-Jahr-Jubil\u00e4um von ISPAS war, auf das Internationale Stra\u00dfenfest im Juni,&nbsp; auf die erste B\u00fcrgerfahrt nach Che\u0142m im Juli, die B\u00fcrgerfahrt nach Dronfield im September, auf das Projekt Erasmus+ Jugend in Aktion im November und die Betreuung der Delegationen zum Volkstrauertag ebenfalls im November. Ein gro\u00dfes Dankesch\u00f6n ging an alle Helferinnen und Helfer, Gastgeber und Gastgeberinnen und nat\u00fcrlich Organisatoren und Organisatorinnen.<\/p>\n<p>Jetzt laufen schon die Vorbereitungen auf das Internationale Stra\u00dfenfest 2017, die Antr\u00e4ge an die EU f\u00fcr Jugend in Aktion und auf die beiden B\u00fcrgerfahrten nach Torgau vom 29.6. bis 2.7 und Sondrio Ende September.&nbsp; Auch dieses Jahr werden wieder der Volkstrauertag und der Weihnachtsmarkt mitbetreut. Am Weihnachtsmarkt nehmen schon jahrelang Gy\u00f6r und Torgau teil. Geplant sind noch kulinarische Tage mit Sondrio im Oktober\/November in Sindelfingen und eventuell die Teilnahme von Schaffhauser und Torgauer Jugendlichen an den diesj\u00e4hrigen Literaturtagen im Oktober.<\/p>\n<p>Brigitte Stegmaier verwies noch auf die ge\u00e4nderte Website des Vereins (<a href=\"http:\/\/www.ispas-ev.de\">www.ispas-ev.de<\/a>), die jetzt vom neuen Internet-Beauftragten Wolfgang Mehl betreut wird. Sie bedankte sich noch explizit bei Roland Stein, zust\u00e4ndig f\u00fcr die St\u00e4dtepartnerschaften im Amt f\u00fcr Internationale Angelegenheiten der Stadt Sindelfingen. Sie meinte, nur gemeinsam k\u00f6nne man etwas erreichen und die St\u00e4dtepartnerschaften erfolgreich pflegen und betreuen. ISPAS hat im Moment 117 Mitglieder, davon 7 neue. Im Verlauf des Abends wurde eine moderate Erh\u00f6hung der Einzel- und Mitgliedsbeitr\u00e4ge beschlossen und die Geb\u00fchren f\u00fcr Sch\u00fcler und Studenten abgeschafft. Das entscheidende Argument war, dass man so vielleicht mehr junge Leute an den Verein binden k\u00f6nne.<\/p>\n<p>Die Berichte der Sprecherinnen und Sprecher der einzelnen Partnerst\u00e4dte waren interessant, vor allem die unterhaltsamen, durch Bilderschau unterst\u00fctzten Berichte von den B\u00fcrgerfahrten nach Che\u0142m und Dronfield. Mit Smalltalk beim Stehempfang im Foyer der SMTT ging die Versammlung zu Ende.<\/p>\n<p>Ursula Steinh\u00fcbl<\/p>\n","protected":false},"excerpt":{"rendered":"<p>Die Vorsitzende Brigitte Stegmaier begr\u00fc\u00dfte die Anwesenden mit einer R\u00fcckschau auf das vergangene und einer Vorschau auf dieses Jahr. Die R\u00fcckschau bezog sich auf die Fahrt zum Europarat nach Stra\u00dfburg [&hellip;]<\/p>\n","protected":false},"author":16,"featured_media":586,"comment_status":"closed","ping_status":"closed","sticky":false,"template":"","format":"standard","meta":{"ngg_post_thumbnail":0},"categories":[44,1],"tags":[],"_links":{"self":[{"href":"https:\/\/test.ispas-ev.de\/index.php?rest_route=\/wp\/v2\/posts\/3662"}],"collection":[{"href":"https:\/\/test.ispas-ev.de\/index.php?rest_route=\/wp\/v2\/posts"}],"about":[{"href":"https:\/\/test.ispas-ev.de\/index.php?rest_route=\/wp\/v2\/types\/post"}],"author":[{"embeddable":true,"href":"https:\/\/test.ispas-ev.de\/index.php?rest_route=\/wp\/v2\/users\/16"}],"replies":[{"embeddable":true,"href":"https:\/\/test.ispas-ev.de\/index.php?rest_route=%2Fwp%2Fv2%2Fcomments&post=3662"}],"version-history":[{"count":4,"href":"https:\/\/test.ispas-ev.de\/index.php?rest_route=\/wp\/v2\/posts\/3662\/revisions"}],"predecessor-version":[{"id":3680,"href":"https:\/\/test.ispas-ev.de\/index.php?rest_route=\/wp\/v2\/posts\/3662\/revisions\/3680"}],"wp:featuredmedia":[{"embeddable":true,"href":"https:\/\/test.ispas-ev.de\/index.php?rest_route=\/wp\/v2\/media\/586"}],"wp:attachment":[{"href":"https:\/\/test.ispas-ev.de\/index.php?rest_route=%2Fwp%2Fv2%2Fmedia&parent=3662"}],"wp:term":[{"taxonomy":"category","embeddable":true,"href":"https:\/\/test.ispas-ev.de\/index.php?rest_route=%2Fwp%2Fv2%2Fcategories&post=3662"},{"taxonomy":"post_tag","embeddable":true,"href":"https:\/\/test.ispas-ev.de\/index.php?rest_route=%2Fwp%2Fv2%2Ftags&post=3662"}],"curies":[{"name":"wp","href":"https:\/\/api.w.org\/{rel}","templated":true}]}}