{"id":3641,"date":"2016-11-27T22:29:55","date_gmt":"2016-11-27T21:29:55","guid":{"rendered":"http:\/\/www.ispas-ev.de\/?p=3641"},"modified":"2016-11-27T22:58:25","modified_gmt":"2016-11-27T21:58:25","slug":"xvi-buechersalon-in-gyor-vom-18-20-november-2016","status":"publish","type":"post","link":"https:\/\/test.ispas-ev.de\/?p=3641","title":{"rendered":"XVI. B\u00fcchersalon in Gy\u0151r vom 18. &#8211; 20. November 2016"},"content":{"rendered":"<p><strong>Rei\u00dfender Absatz deutschsprachiger B\u00fccher.<\/strong><\/p>\n<p>Zum sechzehnten Mal veranstaltete die Stadt Gy\u0151r in diesem Jahr ihren B\u00fcchersalon. Eigentlich eine rein ungarische Angelegenheit m\u00f6chte man meinen. Denn bis auf eine klitzekleine Ausnahme stellen dort ungarische Verlage, Buchh\u00e4ndler, Autoren und \u00dcbersetzer ihre Produkte vor. <!--more-->Seit etlichen Jahren aber l\u00e4dt die Stadt Gy\u0151r ihre Partnerst\u00e4dte ein, B\u00fccher und Printprodukte jeder Art in ihrer Muttersprache an einem gemeinsamen Stand zu pr\u00e4sentieren.<\/p>\n<p><a href=\"http:\/\/www.ispas-ev.de\/wp-content\/uploads\/2016\/11\/2016_Buchsalon_Gy\u0151r_1.jpg\"><img decoding=\"async\" loading=\"lazy\" class=\"alignnone size-full wp-image-3646\" src=\"http:\/\/www.ispas-ev.de\/wp-content\/uploads\/2016\/11\/2016_Buchsalon_Gy\u0151r_1.jpg\" alt=\"2016_buchsalon_gyor_1\" width=\"1280\" height=\"960\"><\/a><\/p>\n<p>Neben Gy\u0151rs anderen Partnerst\u00e4dten Brasso (Kronstadt), Rum\u00e4nien, dem franz\u00f6sischen Colmar, Kuopio, Finnland und Poznan (Posen) aus Polen folgte auch die Stadt Sindelfingen der Einladung. So machten sich am 17. November Roland Stein vom Partnerschaftsb\u00fcro der Stadt und Brigitte Stegmaier, die ISPAS-Vorsitzende zusammen mit zwei Helfern des Vereins f\u00fcr St\u00e4dtepartnerschaften auf die 800 km lange Reise ins ungarische Gy\u0151r. Die Langversion eines VW-Busses war bis zum zul\u00e4ssigen Gesamtgewicht mit Kartons voller B\u00fccher, Zeitschriften und sonstigen Druckerzeugnissen beladen. Alle diese Produkte waren von der Stadtb\u00fccherei und privaten Spendern zur Verf\u00fcgung gestellt worden, sodass sie in Gy\u0151r kostenlos an die Interessenten abgegeben werden konnten.<\/p>\n<p><a href=\"http:\/\/www.ispas-ev.de\/wp-content\/uploads\/2016\/11\/2016_Buchsalon_Gy\u0151r_2.jpg\"><img decoding=\"async\" loading=\"lazy\" class=\"alignnone size-full wp-image-3647\" src=\"http:\/\/www.ispas-ev.de\/wp-content\/uploads\/2016\/11\/2016_Buchsalon_Gy\u0151r_2.jpg\" alt=\"2016_buchsalon_gyor_2\" width=\"1280\" height=\"960\"><\/a><\/p>\n<p>Da die anderen deutschen Partnerst\u00e4dte Ingolstadt und Erfurt nicht vertreten waren konzentrierte sich das Interesse an Lesestoff in deutscher Sprache auf das Sindelfinger Angebot. Besonders am ersten Tag des B\u00fcchersalons erlebten die Sindelfinger einen wahren Run auf ihren Teil des Partnerschaftsstandes, was dazu f\u00fchrte, dass der gr\u00f6\u00dfte Teil des Angebots schon seine Abnehmer fand. Vor allem Kinderb\u00fccher gingen wie warme Semmeln \u00fcber die Theke, sodass die Nachfrage danach am zweiten und dritten Tag leider nicht mehr befriedigt werden konnte. Am Ende des Salons waren alle Regale und Kartons praktisch leer und die Reisenden in deutschsprachiger Literatur konnten zufrieden ihre Koffer packen.<\/p>\n<p><a href=\"http:\/\/www.ispas-ev.de\/wp-content\/uploads\/2016\/11\/2016_Buchsalon_Gy\u0151r_3.jpg\"><img decoding=\"async\" loading=\"lazy\" class=\"alignnone size-full wp-image-3648\" src=\"http:\/\/www.ispas-ev.de\/wp-content\/uploads\/2016\/11\/2016_Buchsalon_Gy\u0151r_3.jpg\" alt=\"2016_buchsalon_gyor_3\" width=\"1280\" height=\"960\"><\/a><\/p>\n<p>Bereichert wurde die Reise, weil sich die Stadt Gy\u0151r wieder einmal als gro\u00dfz\u00fcgige und souver\u00e4ne Gastgeberin pr\u00e4sentiert hat und auch weil die drei gemeinsamen Tage mit den Kollegen aus den anderen Partnerst\u00e4dten von freundschaftlicher Zusammenarbeit gepr\u00e4gt waren. Reichlich beschenkt, ideell aber auch durch Aufmerksamkeiten der Stadt Gy\u0151r und gegenseitigen Geschenken unter den Partnerst\u00e4dten machten sich die Sindelfinger am Montag nach dem B\u00fcchersalon wieder auf den Heimweg.<\/p>\n<p>K. Klemme<\/p>\n","protected":false},"excerpt":{"rendered":"<p>Rei\u00dfender Absatz deutschsprachiger B\u00fccher. Zum sechzehnten Mal veranstaltete die Stadt Gy\u0151r in diesem Jahr ihren B\u00fcchersalon. Eigentlich eine rein ungarische Angelegenheit m\u00f6chte man meinen. Denn bis auf eine klitzekleine Ausnahme [&hellip;]<\/p>\n","protected":false},"author":15,"featured_media":3653,"comment_status":"closed","ping_status":"closed","sticky":false,"template":"","format":"standard","meta":{"ngg_post_thumbnail":0},"categories":[39,1,28],"tags":[],"_links":{"self":[{"href":"https:\/\/test.ispas-ev.de\/index.php?rest_route=\/wp\/v2\/posts\/3641"}],"collection":[{"href":"https:\/\/test.ispas-ev.de\/index.php?rest_route=\/wp\/v2\/posts"}],"about":[{"href":"https:\/\/test.ispas-ev.de\/index.php?rest_route=\/wp\/v2\/types\/post"}],"author":[{"embeddable":true,"href":"https:\/\/test.ispas-ev.de\/index.php?rest_route=\/wp\/v2\/users\/15"}],"replies":[{"embeddable":true,"href":"https:\/\/test.ispas-ev.de\/index.php?rest_route=%2Fwp%2Fv2%2Fcomments&post=3641"}],"version-history":[{"count":9,"href":"https:\/\/test.ispas-ev.de\/index.php?rest_route=\/wp\/v2\/posts\/3641\/revisions"}],"predecessor-version":[{"id":3656,"href":"https:\/\/test.ispas-ev.de\/index.php?rest_route=\/wp\/v2\/posts\/3641\/revisions\/3656"}],"wp:featuredmedia":[{"embeddable":true,"href":"https:\/\/test.ispas-ev.de\/index.php?rest_route=\/wp\/v2\/media\/3653"}],"wp:attachment":[{"href":"https:\/\/test.ispas-ev.de\/index.php?rest_route=%2Fwp%2Fv2%2Fmedia&parent=3641"}],"wp:term":[{"taxonomy":"category","embeddable":true,"href":"https:\/\/test.ispas-ev.de\/index.php?rest_route=%2Fwp%2Fv2%2Fcategories&post=3641"},{"taxonomy":"post_tag","embeddable":true,"href":"https:\/\/test.ispas-ev.de\/index.php?rest_route=%2Fwp%2Fv2%2Ftags&post=3641"}],"curies":[{"name":"wp","href":"https:\/\/api.w.org\/{rel}","templated":true}]}}