{"id":3635,"date":"2016-11-20T17:59:59","date_gmt":"2016-11-20T16:59:59","guid":{"rendered":"http:\/\/www.ispas-ev.de\/?p=3635"},"modified":"2016-11-20T18:01:57","modified_gmt":"2016-11-20T17:01:57","slug":"eu-programm-erasmus-jugend-in-aktion-2016","status":"publish","type":"post","link":"https:\/\/test.ispas-ev.de\/?p=3635","title":{"rendered":"EU-Programm Erasmus+ JUGEND IN AKTION 2016"},"content":{"rendered":"<p><strong>Sonntag, 20. November &#8211; Dienstag, 29. November 2016<\/strong><br \/>\n<strong>organisiert von ISPAS e.V. Sindelfingen<\/strong><\/p>\n<p>GRENZERFAHRUNGEN \u2013 BORDERLINE EXPERIENCES<br \/>\nMeine Grenzen. Unsere Grenzen. Die Grenzen Europas.<!--more--><\/p>\n<p><a href=\"http:\/\/www.ispas-ev.de\/wp-content\/uploads\/2016\/11\/JIA_Logo_GDBuK.png\"><img decoding=\"async\" loading=\"lazy\" class=\"alignnone size-full wp-image-3636\" src=\"http:\/\/www.ispas-ev.de\/wp-content\/uploads\/2016\/11\/JIA_Logo_GDBuK.png\" alt=\"Jugend in Aktion - erasmus+\" width=\"1299\" height=\"544\"><\/a>Herzliche Einladung zu nachfolgenden Programmpunkten:<\/p>\n<p><strong>Donnerstag, 24. November, 19 bis 22 Uhr<\/strong><br \/>\nErster \u201eEss-Kultur\u201c-L\u00e4nderabend im Katholischen Gemeindezentrum \/ Goldberg:<br \/>\nItalien \/ England<br \/>\n\u201eKultur-Pr\u00e4sentationen\u201c durch die Gruppen: Deutschland, England, Italien<\/p>\n<p><strong>Freitag, 25. November, 19 bis 22 Uhr<\/strong><br \/>\nZweiter \u201eEss-Kultur\u201c-L\u00e4nderabend im Katholischen Gemeindezentrum \/ Goldberg<br \/>\nDeutschland \/ Kroatien<br \/>\n\u201eKultur-Pr\u00e4sentationen\u201c durch die Gruppen: Kroatien, Ungarn<\/p>\n<p><strong>Samstag, 26. November, 19 bis 22 Uhr<\/strong><br \/>\nAchtung, anderer Veranstaltungsort!<br \/>\nDritter \u201eEss-Kultur\u201c-L\u00e4nderabend im Jugendhaus S\u00fcd, Schwertstra\u00dfe<br \/>\nFrankreich \/ Polen<br \/>\n\u201eKultur-Pr\u00e4sentationen\u201c durch die Gruppen: Frankreich, Polen<\/p>\n<p><strong>Sonntag, 27. November, 19 bis 20:30 Uhr<\/strong><br \/>\nJugendhaus S\u00fcd, Schwertstra\u00dfe<br \/>\n\u00d6ffentliche Auff\u00fchrung der gemeinsamen Abschluss-Performance zum Themenkomplex \u201eGRENZERFAHRUNGEN \u2013 BORDERLINE EXPERIENCES<br \/>\nMeine Grenzen. Unsere Grenzen. Die Grenzen Europas.\u201c<br \/>\n<strong>21.00 \u2013 23.00 Uhr<\/strong><br \/>\nJugendhaus S\u00fcd, Schwertstra\u00dfe<br \/>\nGro\u00dfe Party f\u00fcr alle Beteiligen des Projekts und den Gastfamilien<\/p>\n<p><strong>Montag, 28. November, 19 bis 20:30 Uhr<\/strong><br \/>\nJugendhaus S\u00fcd, Schwertstra\u00dfe<br \/>\n\u00d6ffentliche Auff\u00fchrung der gemeinsamen Abschluss-Performance zum Themenkomplex \u201eGRENZERFAHRUNGEN \u2013 BORDERLINE EXPERIENCES<br \/>\nMeine Grenzen. Unsere Grenzen. Die Grenzen Europas.\u201c<br \/>\n<strong>21.00 \u2013 22:30 Uhr<\/strong><br \/>\nKleine Abschlussfeier im Jugendhaus S\u00fcd. Verleihung der Youthp\u00e4sse<br \/>\nDazu eingeladen sind die Gastfamilien und die Mitglieder von ISPAS e.V.<\/p>\n","protected":false},"excerpt":{"rendered":"<p>Sonntag, 20. November &#8211; Dienstag, 29. November 2016 organisiert von ISPAS e.V. Sindelfingen GRENZERFAHRUNGEN \u2013 BORDERLINE EXPERIENCES Meine Grenzen. Unsere Grenzen. Die Grenzen Europas.<\/p>\n","protected":false},"author":8,"featured_media":3636,"comment_status":"closed","ping_status":"closed","sticky":false,"template":"","format":"standard","meta":{"ngg_post_thumbnail":0},"categories":[39,26],"tags":[43],"_links":{"self":[{"href":"https:\/\/test.ispas-ev.de\/index.php?rest_route=\/wp\/v2\/posts\/3635"}],"collection":[{"href":"https:\/\/test.ispas-ev.de\/index.php?rest_route=\/wp\/v2\/posts"}],"about":[{"href":"https:\/\/test.ispas-ev.de\/index.php?rest_route=\/wp\/v2\/types\/post"}],"author":[{"embeddable":true,"href":"https:\/\/test.ispas-ev.de\/index.php?rest_route=\/wp\/v2\/users\/8"}],"replies":[{"embeddable":true,"href":"https:\/\/test.ispas-ev.de\/index.php?rest_route=%2Fwp%2Fv2%2Fcomments&post=3635"}],"version-history":[{"count":4,"href":"https:\/\/test.ispas-ev.de\/index.php?rest_route=\/wp\/v2\/posts\/3635\/revisions"}],"predecessor-version":[{"id":3640,"href":"https:\/\/test.ispas-ev.de\/index.php?rest_route=\/wp\/v2\/posts\/3635\/revisions\/3640"}],"wp:featuredmedia":[{"embeddable":true,"href":"https:\/\/test.ispas-ev.de\/index.php?rest_route=\/wp\/v2\/media\/3636"}],"wp:attachment":[{"href":"https:\/\/test.ispas-ev.de\/index.php?rest_route=%2Fwp%2Fv2%2Fmedia&parent=3635"}],"wp:term":[{"taxonomy":"category","embeddable":true,"href":"https:\/\/test.ispas-ev.de\/index.php?rest_route=%2Fwp%2Fv2%2Fcategories&post=3635"},{"taxonomy":"post_tag","embeddable":true,"href":"https:\/\/test.ispas-ev.de\/index.php?rest_route=%2Fwp%2Fv2%2Ftags&post=3635"}],"curies":[{"name":"wp","href":"https:\/\/api.w.org\/{rel}","templated":true}]}}