{"id":3448,"date":"2016-08-31T22:41:04","date_gmt":"2016-08-31T20:41:04","guid":{"rendered":"http:\/\/www.ispas-ev.de\/?p=3448"},"modified":"2023-03-02T21:13:42","modified_gmt":"2023-03-02T20:13:42","slug":"ispas-ausflug-nach-strassburg","status":"publish","type":"post","link":"https:\/\/test.ispas-ev.de\/?p=3448","title":{"rendered":"ISPAS-Ausflug nach Stra\u00dfburg"},"content":{"rendered":"<h5>Reise nach Stra\u00dfburg und zum Europarat am 22. M\u00e4rz 2016 \u2013 ein Geschenk der Stadt Sindelfingen zum 20. Geburtstag von ISPAS<\/h5>\n<p>Am Dienstagmorgen startete die Reisegruppe von 33 Personen mit einem Bus der Firma Hassler voll Vorfreude in einen sch\u00f6nen Tag. Problemlos und ohne in einen Stau zu geraten, erreichten wir Stra\u00dfburg und hatten Zeit, die Stadtmitte auf eigene Faust zu erkunden.<\/p>\n<p>Stra\u00dfburg im Elsass gilt als eine der sch\u00f6nsten St\u00e4dte der Welt &#8211; nicht zuletzt wegen des Wahrzeichens der Stadt, dem ber\u00fchmten Liebfrauen-M\u00fcnster (frz. Cath\u00e9drale Notre-Dame), das 2015 sein 1000-j\u00e4hriges Jubil\u00e4um feierte! Insbesondere der ca. 140 m hohe Turm, die Hauptfassade mit den Portalstatuen sowie die Fensterrose mit 15 m Durchmesser sind \u00fcberaus imposant und sehenswert. Sehenswert sind im Inneren der Kathedrale der Engelspfeiler, die Kanzel, die Astronomische Uhr und auch die ber\u00fchmte Silbermann-Orgel. Der Sakralbau (1015 wurde der Bau als romanische Kirche begonnen) ist im gotischen (1235-75) und im hochgotischen (1276-1330) Stil erbaut worden. Der M\u00fcnsterplatz davor wird zu den sch\u00f6nsten Marktpl\u00e4tzen in Europa gez\u00e4hlt, auch weil hier zahlreiche, malerische Fachwerkh\u00e4user mit zum Teil vier und f\u00fcnf Etagen zu finden sind. Ein Prunkst\u00fcck des M\u00fcnsterplatzes stellt sicherlich das bekannte, reich verzierte Kammerzellhaus (frz. Maison Kammerzell) dar. Das ganze Zentrum der Stadt, auch als &#8222;Grande Ile&#8220; bezeichnet, wurde von der UNESCO aufgrund der vielf\u00e4ltigen Architektur zum Weltkulturerbe erkl\u00e4rt. Bemerkenswert ist dabei, dass damit ein gesamtes Stadtzentrum diese Auszeichnung erhielt.<\/p>\n<p>Wir trafen uns anschlie\u00dfend auf dem Platz zwischen M\u00fcnster und Ill und spazierten in wenigen Minuten zur Anlegestelle der Batomar-Touren. Um 11.30 Uhr begann die Bootstour im gem\u00fctlichen Boot mit Glasw\u00e4nden und -dach. Audio-Informationen erkl\u00e4rten die Tour auf sehr informative Weise. Es gibt immer wieder Neues zu entdecken und zu h\u00f6ren. F\u00fcr mich pers\u00f6nlich war die Bootstour wesentlich vielschichtiger und aufschlussreicher als die Stadtrundfahrt mit dem Minitrain, die ich vor einigen Monaten erleben durfte.<\/p>\n<p>Das gemeinsame Mittagessen im Restaurant \u201aAu Brasseur\u2018, zu dem sich auch Herr Oberb\u00fcrgermeister Dr. V\u00f6hringer und Herr Horn einfanden, geh\u00f6rte ebenfalls zu unserem Jubil\u00e4ums-Geschenk. Es gab verschiedene \u201aFlammechueche\u2018 und jeder konnte sich seinen Favoriten aussuchen. Auf diese Weise gest\u00e4rkt und mit ausreichend Fl\u00fcssigkeit versehen, brachte uns der Bus nach kurzer Fahrt ins Europaviertel und vor das Geb\u00e4ude des Europarates. Es war der Tag des Attentates von Br\u00fcssel und die Sicherheitsvorkehrungen bzw. die Polizeipr\u00e4senz war gr\u00f6\u00dfer als \u00fcblich.<\/p>\n<p>Zur allgemeinen Information einige Hinweise:<\/p>\n<p><a href=\"http:\/\/www.ispas-ev.de\/wp-content\/uploads\/2016\/08\/Europarat.jpg\"><img decoding=\"async\" loading=\"lazy\" class=\"alignnone size-full wp-image-3451\" src=\"http:\/\/www.ispas-ev.de\/wp-content\/uploads\/2016\/08\/Europarat.jpg\" alt=\"Europarat\" width=\"640\" height=\"480\" \/><\/a><br \/>\nDer Europarat (englisch Council of Europe, franz\u00f6sisch Conseil de l&#8217;Europe) ist eine am 5. Mai 1949 auf Initiative des Haager Kongresses der Europa-Union von 10 Staaten durch den Vertrag von London gegr\u00fcndete und heute 47 Staaten (alle europ\u00e4ischen Staaten mit Ausnahme Wei\u00dfrusslands, das den Status eines Kandidaten besitzt) mit \u00fcber 820 Millionen B\u00fcrgern umfassende europ\u00e4ische internationale Organisation. Er ist die \u00e4lteste und mitgliederst\u00e4rkste zwischenstaatliche Organisation Europas. Seine Kernthemen sind der Schutz und die F\u00f6rderung der Menschenrechte, der Demokratie sowie die Rechtsstaatlichkeit. Sein Ziel ist die dauerhafte Zusammenarbeit seiner Mitglieder in Politik, Wirtschaft und Kultur.<\/p>\n<p>Vom Europarat gingen wichtige Impulse zur St\u00e4rkung der Menschenrechte, der sozialen Schutzrechte und der kulturellen Zusammenarbeit aus. Er verabschiedete 1950 die Konvention zum Schutze der Menschenrechte und 1961 die Europ\u00e4ische Sozialcharta. Zur Einhaltung der Menschenrechtskonvention gr\u00fcndete er 1954 die Europ\u00e4ische Menschenrechtskommission und 1959 den Europ\u00e4ischen Gerichtshof f\u00fcr Menschenrechte. Beschl\u00fcsse des Europarates in Form von Konventionen und Abkommen sind nur f\u00fcr diejenigen Staaten verbindlich, die sie ratifiziert haben.<\/p>\n<p>Der Europarat ist ein Forum f\u00fcr Debatten \u00fcber allgemeine europ\u00e4ische Fragen. In seinem Rahmen werden zwischenstaatliche, v\u00f6lkerrechtlich verbindliche Abkommen wie die Europ\u00e4ische Menschenrechtskonvention mit dem Ziel abgeschlossen, das gemeinsame Erbe zu bewahren und wirtschaftlichen und sozialen Fortschritt zu f\u00f6rdern.<\/p>\n<p>Der Europarat verf\u00fcgt u. a. \u00fcber folgende Organe:<\/p>\n<ul>\n<li>das Ministerkomitee, das Entscheidungsgremium der Organisation: Es setzt sich aus den Au\u00dfenministern der 47 Mitgliedsstaaten bzw. ihren Stellvertretern, den St\u00e4ndigen Vertretern\/Botschaftern in Stra\u00dfburg zusammen<\/li>\n<li>die Parlamentarische Versammlung, der Motor der europ\u00e4ischen Zusammenarbeit, mit 636 Mitgliedern (318 Mitglieder und 318 Stellvertreter) aus den 47 nationalen Parlamenten<\/li>\n<li>den Kongress der Gemeinden und Regionen des Europarates, der aus einer Kammer der Gemeinden und einer Kammer der Regionen besteht.<\/li>\n<li>ein 1800 europ\u00e4ische Beamte umfassendes Sekretariat unter Leitung des von der Parlamentarischen Versammlung gew\u00e4hlten Generalsekret\u00e4rs<\/li>\n<\/ul>\n<p><img decoding=\"async\" loading=\"lazy\" class=\"alignnone size-full wp-image-3454\" src=\"http:\/\/www.ispas-ev.de\/wp-content\/uploads\/2016\/08\/Europarat1.jpg\" alt=\"Europarat\" width=\"997\" height=\"748\" \/><\/p>\n<p>An unserem Besuchstag fand gerade der Kongress der Gemeinden und Regionen statt, bei dem Herr Dr. V\u00f6hringer der Vorsitzende der deutschen Delegation ist. Bevor wir als G\u00e4ste f\u00fcr eine knappe Stunde der Sitzung im Plenarsaal beiwohnen konnten, wurden wir durch Herrn OB Dr. V\u00f6hringer noch einmal herzlich begr\u00fc\u00dft; ein kurzer Film f\u00fchrte alle Teilnehmenden in kurzen Sequenzen in die Arbeit des Europarates ein. Herr Dr. V\u00f6hringer f\u00fchrte anschlie\u00dfend in die Arbeit des Kongresses der Gemeinden und Regionen ein und f\u00fchrte anl\u00e4sslich der anschlie\u00dfenden Diskussion aus, dass der Kongress zwar keine Entscheidungen f\u00fcr die jeweiligen Heimatl\u00e4nder treffen k\u00f6nne, die Arbeit aber sehr wohl von gro\u00dfer Bedeutung sei, da ihre Empfehlungen an die zust\u00e4ndigen Politiker der Heimatl\u00e4nder weiter getragen werden und regionale und \u00fcberregionale Absprachen bis hin zu l\u00e4nder\u00fcbergreifenden Hilfeleistungen und Zusammenarbeit vereinbart werden. Dies ist insbesondere in der momentanen Fl\u00fcchtlingskrise von eminenter Bedeutung. Abschlie\u00dfend bedankt sich Brigitte Stegmaier, Vorsitzende von ISPAS, bei Herrn Dr. V\u00f6hringer sehr herzlich f\u00fcr das wunderbare \u201aGeburtstagsgeschenk und ebenso bei Frau Eva-Maria Kocher und Herrn Nolting f\u00fcr die hervorragende Organisation des heutigen Tages.<\/p>\n<p>Leider ging die uns von den Organisatoren im B\u00fcro des Europarates zugebilligten Besuchszeit viel zu schnell vorbei und wir konnten die Debatte, der wir mit gro\u00dfem Interesse folgten, nicht bis zum Ende beiwohnen. Auch die vorgesehene Rede von Herrn OB Dr. V\u00f6hringer konnten wir deshalb nicht mehr mit verfolgen. Da t\u00e4glich tausende von Besuchern den Debatten beiwohnen wollen, muss die Zeit f\u00fcr einzelne Gruppen auf knapp eine Stunde bzw. 45 Minuten beschr\u00e4nkt werden. Ich konnte aber vom Besuchsdienst in Erfahrung bringen, dass es Privatpersonen immer m\u00f6glich ist, ohne vorherige schriftliche Anmeldung den Sitzungen beizuwohnen. Dann besteht keine Beschr\u00e4nkung der Besuchszeit und Debatten k\u00f6nnen vollst\u00e4ndig mit verfolgt werden. Die einzelnen Tagesordnungspunkte k\u00f6nnen der Homepage des Europarates entnommen werden.<\/p>\n<p>Unser Bus wartete direkt vor dem Geb\u00e4ude des Europarates und brachte uns wohlbehalten zur\u00fcck nach Sindelfingen. Ein eindr\u00fccklicher, informativer und sonniger Tag ging zu Ende.<br \/>\nISPAS ist durch die Partnerst\u00e4dte und verschiedene Projekte (z. B. Jugend in Aktion) sehr eng mit dem europ\u00e4ischen Gedanken verbunden. In meinen Augen konnte der Besuch in Stra\u00dfburg diese Gedanken erneut vertiefen und zu Diskussionen anregen.<\/p>\n<p>Abschlie\u00dfend noch einmal ein Dankesch\u00f6n an die Stadt Sindelfingen und insbesondere Herrn Oberb\u00fcrgermeister Dr. V\u00f6hringer, die diesen spannenden Tag m\u00f6glich machten.<\/p>\n<p>Gudrun Stauffer<br \/>\n2. Sprecherin Schaffhausen<\/p>\n","protected":false},"excerpt":{"rendered":"<p>Reise nach Stra\u00dfburg und zum Europarat am 22. M\u00e4rz 2016 \u2013 ein Geschenk der Stadt Sindelfingen zum 20. Geburtstag von ISPAS Am Dienstagmorgen startete die Reisegruppe von 33 Personen mit [&hellip;]<\/p>\n","protected":false},"author":6,"featured_media":3457,"comment_status":"closed","ping_status":"closed","sticky":false,"template":"","format":"standard","meta":{"ngg_post_thumbnail":0},"categories":[39,1,45,30,31],"tags":[],"_links":{"self":[{"href":"https:\/\/test.ispas-ev.de\/index.php?rest_route=\/wp\/v2\/posts\/3448"}],"collection":[{"href":"https:\/\/test.ispas-ev.de\/index.php?rest_route=\/wp\/v2\/posts"}],"about":[{"href":"https:\/\/test.ispas-ev.de\/index.php?rest_route=\/wp\/v2\/types\/post"}],"author":[{"embeddable":true,"href":"https:\/\/test.ispas-ev.de\/index.php?rest_route=\/wp\/v2\/users\/6"}],"replies":[{"embeddable":true,"href":"https:\/\/test.ispas-ev.de\/index.php?rest_route=%2Fwp%2Fv2%2Fcomments&post=3448"}],"version-history":[{"count":9,"href":"https:\/\/test.ispas-ev.de\/index.php?rest_route=\/wp\/v2\/posts\/3448\/revisions"}],"predecessor-version":[{"id":3477,"href":"https:\/\/test.ispas-ev.de\/index.php?rest_route=\/wp\/v2\/posts\/3448\/revisions\/3477"}],"wp:featuredmedia":[{"embeddable":true,"href":"https:\/\/test.ispas-ev.de\/index.php?rest_route=\/wp\/v2\/media\/3457"}],"wp:attachment":[{"href":"https:\/\/test.ispas-ev.de\/index.php?rest_route=%2Fwp%2Fv2%2Fmedia&parent=3448"}],"wp:term":[{"taxonomy":"category","embeddable":true,"href":"https:\/\/test.ispas-ev.de\/index.php?rest_route=%2Fwp%2Fv2%2Fcategories&post=3448"},{"taxonomy":"post_tag","embeddable":true,"href":"https:\/\/test.ispas-ev.de\/index.php?rest_route=%2Fwp%2Fv2%2Ftags&post=3448"}],"curies":[{"name":"wp","href":"https:\/\/api.w.org\/{rel}","templated":true}]}}