{"id":3396,"date":"2016-06-23T14:14:16","date_gmt":"2016-06-23T13:14:16","guid":{"rendered":"http:\/\/www.ispas-ev.de\/?p=3396"},"modified":"2016-06-25T09:10:48","modified_gmt":"2016-06-25T08:10:48","slug":"partnerschaftsstrasse-am-strassenfest","status":"publish","type":"post","link":"https:\/\/test.ispas-ev.de\/?p=3396","title":{"rendered":"Partnerschaftsstra\u00dfe am Stra\u00dfenfest"},"content":{"rendered":"<p><strong><span style=\"font-family: arial,helvetica,sans-serif; font-size: 11pt;\">17. &#8211; 19.6.2016 <\/span><\/strong><span style=\"font-family: arial,helvetica,sans-serif; font-size: 11pt;\">Partnerschaftsstra\u00dfe am Internationalen Stra\u00dfenfest<\/span><\/p>\n<p><span style=\"font-family: arial,helvetica,sans-serif; font-size: 11pt;\">Auch in diesem Jahr war die Partnerschaftsstra\u00dfe ein beliebter Treffpunkt f\u00fcr unsere Fans. <span style=\"text-decoration: underline;\"><a href=\"http:\/\/www.ispas-ev.de\/wp-content\/uploads\/2016\/06\/2006_ISF-1.pdf\">Hier<\/a><\/span> ein Beitrag der SZ\/BZ vom 20.6. zu den Eindr\u00fccken auf den von uns betreuten St\u00e4nden.<\/span><\/p>\n","protected":false},"excerpt":{"rendered":"<p>17. &#8211; 19.6.2016 Partnerschaftsstra\u00dfe am Internationalen Stra\u00dfenfest Auch in diesem Jahr war die Partnerschaftsstra\u00dfe ein beliebter Treffpunkt f\u00fcr unsere Fans. Hier ein Beitrag der SZ\/BZ vom 20.6. zu den Eindr\u00fccken [&hellip;]<\/p>\n","protected":false},"author":2,"featured_media":0,"comment_status":"closed","ping_status":"closed","sticky":false,"template":"","format":"standard","meta":{"ngg_post_thumbnail":0},"categories":[39,1,27],"tags":[],"_links":{"self":[{"href":"https:\/\/test.ispas-ev.de\/index.php?rest_route=\/wp\/v2\/posts\/3396"}],"collection":[{"href":"https:\/\/test.ispas-ev.de\/index.php?rest_route=\/wp\/v2\/posts"}],"about":[{"href":"https:\/\/test.ispas-ev.de\/index.php?rest_route=\/wp\/v2\/types\/post"}],"author":[{"embeddable":true,"href":"https:\/\/test.ispas-ev.de\/index.php?rest_route=\/wp\/v2\/users\/2"}],"replies":[{"embeddable":true,"href":"https:\/\/test.ispas-ev.de\/index.php?rest_route=%2Fwp%2Fv2%2Fcomments&post=3396"}],"version-history":[{"count":5,"href":"https:\/\/test.ispas-ev.de\/index.php?rest_route=\/wp\/v2\/posts\/3396\/revisions"}],"predecessor-version":[{"id":3405,"href":"https:\/\/test.ispas-ev.de\/index.php?rest_route=\/wp\/v2\/posts\/3396\/revisions\/3405"}],"wp:attachment":[{"href":"https:\/\/test.ispas-ev.de\/index.php?rest_route=%2Fwp%2Fv2%2Fmedia&parent=3396"}],"wp:term":[{"taxonomy":"category","embeddable":true,"href":"https:\/\/test.ispas-ev.de\/index.php?rest_route=%2Fwp%2Fv2%2Fcategories&post=3396"},{"taxonomy":"post_tag","embeddable":true,"href":"https:\/\/test.ispas-ev.de\/index.php?rest_route=%2Fwp%2Fv2%2Ftags&post=3396"}],"curies":[{"name":"wp","href":"https:\/\/api.w.org\/{rel}","templated":true}]}}