{"id":3390,"date":"2016-06-23T13:20:46","date_gmt":"2016-06-23T12:20:46","guid":{"rendered":"http:\/\/www.ispas-ev.de\/?p=3390"},"modified":"2016-06-25T09:24:19","modified_gmt":"2016-06-25T08:24:19","slug":"jean-michel-fritz-zu-gast-in-sindelfingen","status":"publish","type":"post","link":"https:\/\/test.ispas-ev.de\/?p=3390","title":{"rendered":"Jean-Michel Fritz zu Gast in Sindelfingen"},"content":{"rendered":"<p><span style=\"font-family: arial,helvetica,sans-serif; font-size: 11pt;\"><strong>17.6.2016<\/strong> Im Rahmen des Internationalen Stra\u00dfenfests<\/span><\/p>\n<p><span style=\"font-family: arial,helvetica,sans-serif;\"><span style=\"font-size: 11pt;\"> Zur St\u00e4rung des Partnerschaftsgedankens beehrte uns Jean-Michel Fritz wieder beim diesj\u00e4hrigen Internationalen Stra\u00dfenfest. Die SZ\/BZ fand: dies ist einen eigenen Artikel wert. Lesen Sie <span style=\"text-decoration: underline;\"><a href=\"http:\/\/www.ispas-ev.de\/wp-content\/uploads\/2016\/06\/szbz-fritz-180616-1.pdf\">hier<\/a><\/span><\/span>.<\/span><\/p>\n","protected":false},"excerpt":{"rendered":"<p>17.6.2016 Im Rahmen des Internationalen Stra\u00dfenfests Zur St\u00e4rung des Partnerschaftsgedankens beehrte uns Jean-Michel Fritz wieder beim diesj\u00e4hrigen Internationalen Stra\u00dfenfest. Die SZ\/BZ fand: dies ist einen eigenen Artikel wert. Lesen Sie [&hellip;]<\/p>\n","protected":false},"author":2,"featured_media":0,"comment_status":"closed","ping_status":"closed","sticky":false,"template":"","format":"standard","meta":{"ngg_post_thumbnail":0},"categories":[39,1,25,27],"tags":[],"_links":{"self":[{"href":"https:\/\/test.ispas-ev.de\/index.php?rest_route=\/wp\/v2\/posts\/3390"}],"collection":[{"href":"https:\/\/test.ispas-ev.de\/index.php?rest_route=\/wp\/v2\/posts"}],"about":[{"href":"https:\/\/test.ispas-ev.de\/index.php?rest_route=\/wp\/v2\/types\/post"}],"author":[{"embeddable":true,"href":"https:\/\/test.ispas-ev.de\/index.php?rest_route=\/wp\/v2\/users\/2"}],"replies":[{"embeddable":true,"href":"https:\/\/test.ispas-ev.de\/index.php?rest_route=%2Fwp%2Fv2%2Fcomments&post=3390"}],"version-history":[{"count":6,"href":"https:\/\/test.ispas-ev.de\/index.php?rest_route=\/wp\/v2\/posts\/3390\/revisions"}],"predecessor-version":[{"id":3408,"href":"https:\/\/test.ispas-ev.de\/index.php?rest_route=\/wp\/v2\/posts\/3390\/revisions\/3408"}],"wp:attachment":[{"href":"https:\/\/test.ispas-ev.de\/index.php?rest_route=%2Fwp%2Fv2%2Fmedia&parent=3390"}],"wp:term":[{"taxonomy":"category","embeddable":true,"href":"https:\/\/test.ispas-ev.de\/index.php?rest_route=%2Fwp%2Fv2%2Fcategories&post=3390"},{"taxonomy":"post_tag","embeddable":true,"href":"https:\/\/test.ispas-ev.de\/index.php?rest_route=%2Fwp%2Fv2%2Ftags&post=3390"}],"curies":[{"name":"wp","href":"https:\/\/api.w.org\/{rel}","templated":true}]}}