{"id":3269,"date":"2015-11-08T18:49:04","date_gmt":"2015-11-08T17:49:04","guid":{"rendered":"http:\/\/www.ispas-ev.de\/?p=3269"},"modified":"2017-03-01T21:29:47","modified_gmt":"2017-03-01T20:29:47","slug":"erasmus-jugend-in-aktion-2015-teil-1","status":"publish","type":"post","link":"https:\/\/test.ispas-ev.de\/?p=3269","title":{"rendered":"Erasmus+\/ Jugend in Aktion 2015, Teil 1"},"content":{"rendered":"<p><span style=\"font-size: 10pt; font-family: arial,helvetica,sans-serif;\">Auch dieses Jahr wieder hat unser Verein, unterst\u00fctzt vom B\u00fcro f\u00fcr Internationale Angelegenheiten der Stadt Sindelfingen, diese Aktion organisiert und gestaltet.<span class=\"wp-tooltip\" title=\"\"> \u201eJugend in Aktion\u201c ist ein Programm der EU, die unter dem Dach von Erasmus+ unter anderem solche interkulturellen Jugendbegegnungen f\u00f6rdert.<\/span> Das aktuelle Thema &#8211; \u201eDER GROSSE BLACKOUT. Was ist, wenn alles anders wird?\u201c &#8211; war wie immer vorgegeben.<\/span><\/p>\n<p><span style=\"font-size: 10pt; font-family: arial,helvetica,sans-serif;\">Die 37 Jugendlichen und ihre Begleiterinnen kamen aus England, Frankreich, Deutschland, Lettland, Polen und Ungarn. Die Projektleitung lag in den bew\u00e4hrten H\u00e4nden von Ulrich von der M\u00fclbe, die Theaterp\u00e4dagoginnen Anke Marx und Annette von der M\u00fclbe erarbeiteten eine Performance zu diesem Thema.<\/span><\/p>\n<p><span style=\"font-size: 10pt; font-family: arial,helvetica,sans-serif;\">Zuerst bekamen die jungen Leute den Auftrag, einen Brief an einen fiktiven Freund\/eine fiktive Freundin zu schreiben, worin sie von ihren Erfahrungen mit dem gro\u00dfen Blackout berichten sollten. Diese Briefe wurden nach Sindelfingen geschickt.<\/span><\/p>\n<p><span style=\"font-size: 10pt; font-family: arial,helvetica,sans-serif;\">Im Vorbereitungstreffen Ende September besch\u00e4ftigten sich die Delegationen aus den 6 L\u00e4ndern mit diesen Briefen und erarbeiteten die Struktur und den Ablauf des Projektes.<a href=\"http:\/\/www.ispas-ev.de\/wp-content\/uploads\/2015\/11\/Bild-Vorbereitungstreffen-JiA-2015.jpg\"><img decoding=\"async\" loading=\"lazy\" class=\"alignleft wp-image-3267\" src=\"http:\/\/www.ispas-ev.de\/wp-content\/uploads\/2015\/11\/Bild-Vorbereitungstreffen-JiA-2015.jpg\" alt=\"Bild Vorbereitungstreffen JiA 2015\" width=\"400\" height=\"300\"><\/a><\/span><\/p>\n<p><span style=\"font-size: 10pt; font-family: arial,helvetica,sans-serif;\">Am 2. November wurden die Jugendlichen und ihre Begleiter von Sindelfingens Erstem B\u00fcrgermeister Christian Gangl in der st\u00e4dtischen Galerie mit einer aufr\u00fcttelnden Rede empfangen und auf den Weg zum Workshop nach D\u00fcrrwangen\/Balingen verabschiedet <a href=\"http:\/\/www.ispas-ev.de\/wp-content\/uploads\/2015\/11\/Rede-EBM-Gangl-in-der-Galerie-am-2.11.15.docx\">Rede EBM Gangl in der Galerie am 2.11.15<\/a><\/span><\/p>\n<p>&nbsp;<\/p>\n","protected":false},"excerpt":{"rendered":"<p>Auch dieses Jahr wieder hat unser Verein, unterst\u00fctzt vom B\u00fcro f\u00fcr Internationale Angelegenheiten der Stadt Sindelfingen, diese Aktion organisiert und gestaltet. Das aktuelle Thema &#8211; \u201eDER GROSSE BLACKOUT. Was ist, [&hellip;]<\/p>\n","protected":false},"author":2,"featured_media":0,"comment_status":"closed","ping_status":"closed","sticky":false,"template":"","format":"standard","meta":{"ngg_post_thumbnail":0},"categories":[38,22,28,26,17],"tags":[],"_links":{"self":[{"href":"https:\/\/test.ispas-ev.de\/index.php?rest_route=\/wp\/v2\/posts\/3269"}],"collection":[{"href":"https:\/\/test.ispas-ev.de\/index.php?rest_route=\/wp\/v2\/posts"}],"about":[{"href":"https:\/\/test.ispas-ev.de\/index.php?rest_route=\/wp\/v2\/types\/post"}],"author":[{"embeddable":true,"href":"https:\/\/test.ispas-ev.de\/index.php?rest_route=\/wp\/v2\/users\/2"}],"replies":[{"embeddable":true,"href":"https:\/\/test.ispas-ev.de\/index.php?rest_route=%2Fwp%2Fv2%2Fcomments&post=3269"}],"version-history":[{"count":5,"href":"https:\/\/test.ispas-ev.de\/index.php?rest_route=\/wp\/v2\/posts\/3269\/revisions"}],"predecessor-version":[{"id":3698,"href":"https:\/\/test.ispas-ev.de\/index.php?rest_route=\/wp\/v2\/posts\/3269\/revisions\/3698"}],"wp:attachment":[{"href":"https:\/\/test.ispas-ev.de\/index.php?rest_route=%2Fwp%2Fv2%2Fmedia&parent=3269"}],"wp:term":[{"taxonomy":"category","embeddable":true,"href":"https:\/\/test.ispas-ev.de\/index.php?rest_route=%2Fwp%2Fv2%2Fcategories&post=3269"},{"taxonomy":"post_tag","embeddable":true,"href":"https:\/\/test.ispas-ev.de\/index.php?rest_route=%2Fwp%2Fv2%2Ftags&post=3269"}],"curies":[{"name":"wp","href":"https:\/\/api.w.org\/{rel}","templated":true}]}}