{"id":3079,"date":"2015-03-23T17:50:59","date_gmt":"2015-03-23T16:50:59","guid":{"rendered":"http:\/\/www.ispas-ev.de\/?p=3079"},"modified":"2016-02-21T14:00:38","modified_gmt":"2016-02-21T13:00:38","slug":"vorbereitung-jubilaeum-bilder-zu-ispas","status":"publish","type":"post","link":"https:\/\/test.ispas-ev.de\/?p=3079","title":{"rendered":"Vorbereitung Jubil\u00e4um &#8211; Bilder zu ISPAS"},"content":{"rendered":"<p><span style=\"font-size: 10pt; font-family: arial,helvetica,sans-serif;\">Unser Vereins-Highlight in diesem Jahr wird zweifelsohne das <strong>20-Jahr-Jubil\u00e4um am 14. November.<\/strong> <\/span><\/p>\n<p><span style=\"font-size: 10pt; font-family: arial,helvetica,sans-serif;\">Das Organisationsteam des Jubil\u00e4umsfestes w\u00fcrden sich sehr freuen, wenn zahlreiche Sindelfinger B\u00fcrger mit ihren pers\u00f6nlichen Freunden aus den Partnerst\u00e4dten das Fest beleben w\u00fcrden.<\/span><\/p>\n<p><span style=\"font-size: 10pt; font-family: arial,helvetica,sans-serif;\">ISPAS w\u00e4re sehr dankbar, k\u00f6nnten f\u00fcr eine Zeittafel <strong>Bilder<\/strong> oder <strong>Dokumente<\/strong> zur Verf\u00fcgung gestellt werden.<\/span><\/p>\n<p><span style=\"font-size: 10pt; font-family: arial,helvetica,sans-serif;\">Meldungen und Fragen unter <a href=\"mailto:info@ispas-ev.de\">info@ispas-ev.de<\/a> oder <a href=\"mailto:presse@ispas-ev.de\">presse@ispas-ev.de<\/a>.<\/span><\/p>\n","protected":false},"excerpt":{"rendered":"<p>Unser Vereins-Highlight in diesem Jahr wird zweifelsohne das 20-Jahr-Jubil\u00e4um am 14. November. Das Organisationsteam des Jubil\u00e4umsfestes w\u00fcrden sich sehr freuen, wenn zahlreiche Sindelfinger B\u00fcrger mit ihren pers\u00f6nlichen Freunden aus den [&hellip;]<\/p>\n","protected":false},"author":2,"featured_media":0,"comment_status":"closed","ping_status":"closed","sticky":false,"template":"","format":"standard","meta":{"ngg_post_thumbnail":0},"categories":[38,31],"tags":[],"_links":{"self":[{"href":"https:\/\/test.ispas-ev.de\/index.php?rest_route=\/wp\/v2\/posts\/3079"}],"collection":[{"href":"https:\/\/test.ispas-ev.de\/index.php?rest_route=\/wp\/v2\/posts"}],"about":[{"href":"https:\/\/test.ispas-ev.de\/index.php?rest_route=\/wp\/v2\/types\/post"}],"author":[{"embeddable":true,"href":"https:\/\/test.ispas-ev.de\/index.php?rest_route=\/wp\/v2\/users\/2"}],"replies":[{"embeddable":true,"href":"https:\/\/test.ispas-ev.de\/index.php?rest_route=%2Fwp%2Fv2%2Fcomments&post=3079"}],"version-history":[{"count":7,"href":"https:\/\/test.ispas-ev.de\/index.php?rest_route=\/wp\/v2\/posts\/3079\/revisions"}],"predecessor-version":[{"id":3194,"href":"https:\/\/test.ispas-ev.de\/index.php?rest_route=\/wp\/v2\/posts\/3079\/revisions\/3194"}],"wp:attachment":[{"href":"https:\/\/test.ispas-ev.de\/index.php?rest_route=%2Fwp%2Fv2%2Fmedia&parent=3079"}],"wp:term":[{"taxonomy":"category","embeddable":true,"href":"https:\/\/test.ispas-ev.de\/index.php?rest_route=%2Fwp%2Fv2%2Fcategories&post=3079"},{"taxonomy":"post_tag","embeddable":true,"href":"https:\/\/test.ispas-ev.de\/index.php?rest_route=%2Fwp%2Fv2%2Ftags&post=3079"}],"curies":[{"name":"wp","href":"https:\/\/api.w.org\/{rel}","templated":true}]}}