{"id":3050,"date":"2015-03-07T15:19:47","date_gmt":"2015-03-07T14:19:47","guid":{"rendered":"http:\/\/www.ispas-ev.de\/?p=3050"},"modified":"2016-02-21T14:04:37","modified_gmt":"2016-02-21T13:04:37","slug":"impressionen","status":"publish","type":"post","link":"https:\/\/test.ispas-ev.de\/?p=3050","title":{"rendered":"Jahreshauptversammlung &#8211; Nachschau und Impressionen"},"content":{"rendered":"<p><span style=\"font-family: arial,helvetica,sans-serif;\"><span style=\"font-size: small;\"><a href=\"http:\/\/www.ispas-ev.de\/wp-content\/uploads\/2015\/03\/2015JHV2.jpg\"><img decoding=\"async\" loading=\"lazy\" class=\"alignright wp-image-3101\" src=\"http:\/\/www.ispas-ev.de\/wp-content\/uploads\/2015\/03\/2015JHV2.jpg\" alt=\"2015JHV2\" width=\"163\" height=\"198\" \/><\/a><\/span><span style=\"font-size: 10pt;\">Wie immer fing die Jahreshauptversammlung der Initiative St\u00e4dtepartnerschaften Sindelfingen (ISPAS) traditionell mit einer F\u00fchrung durch die aktuellste Ausstellung der Galerie der Stadt Sindelfingen an. Anschlie\u00dfend fand die Versammlung statt, die mit einem Stehempfang endete.<\/span><\/span><\/p>\n<p><span style=\"font-size: 10pt; font-family: arial,helvetica,sans-serif;\">Galerieleiter Otto Pannewitz f\u00fchrte mit Witz und profundem Fachwissen durch die Ausstellung \u201eRealismus in der s\u00fcddeutschen Kunst\u201c. Mit daf\u00fcr typischen Werken aus der Sammlung L\u00fctze, der \u201eZimmer in Delft\u201c-Serie und anderen Bildern des Sindelfinger K\u00fcnstlers Joachim Kupke sowie der Fotoinstallation von Werner Trotter ist der Galerie der Stadt nach Ansicht der ISPAS-Mitglieder wieder eine sehr sehenswerte Ausstellung gelungen.<\/span><\/p>\n<p><span style=\"font-family: arial,helvetica,sans-serif; font-size: 10pt;\"><a href=\"http:\/\/www.ispas-ev.de\/wp-content\/uploads\/2015\/03\/2015JHV1.jpg\"><img decoding=\"async\" loading=\"lazy\" class=\" wp-image-3103 alignleft\" src=\"http:\/\/www.ispas-ev.de\/wp-content\/uploads\/2015\/03\/2015JHV1.jpg\" alt=\"2015JHV1\" width=\"267\" height=\"179\" \/><\/a>In der Jahreshauptversammlung berichteten die Sprecher und Sprecherinnen der einzelnen Partnerst\u00e4dte \u00fcber die verschiedenen Aktivit\u00e4ten von ISPAS und zeigten so den Mitgliedern und Freunden, wie vielf\u00e4ltig das Jahr vergangen war. Das reichte von zwei B\u00fcrgerfahrten nach Gy\u00f6r und Dronfield und Gegenbesuch \u00fcber Stra\u00dfenfest, Jugend in Aktion, Sch\u00fcleraustausche, verschiedenen Vortr\u00e4gen, Ausstellungen und sportlichen Aktivit\u00e4ten bis zur Vorbereitung auf die Veranstaltungen des laufenden Jahres.<\/span><\/p>\n<p><span style=\"font-family: arial,helvetica,sans-serif; font-size: 10pt;\"> <a href=\"http:\/\/www.ispas-ev.de\/wp-content\/uploads\/2015\/03\/2015JHV3.jpg\"><img decoding=\"async\" loading=\"lazy\" class=\"alignright wp-image-3102\" src=\"http:\/\/www.ispas-ev.de\/wp-content\/uploads\/2015\/03\/2015JHV3.jpg\" alt=\"2015JHV3\" width=\"296\" height=\"218\" \/><\/a> Auch das Stra\u00dfenfest, 19.-21.6.15, war ein Thema, f\u00fcr das der Verein wie immer Helfer und \u00dcbernachtungsm\u00f6glichkeiten sucht.<\/span><\/p>\n<p><span style=\"font-family: arial,helvetica,sans-serif; font-size: 10pt;\">Die Sindelfinger B\u00fcrger d\u00fcrfen sich auch auf einen neuen Image-Flyer freuen, der alles\u00a0\u00a0 Wissenswerte \u00fcber ISPAS zeigen wird und bis zum Stra\u00dfenfest fertig sein soll. Mit der Neuwahl eines Kassenpr\u00fcfers und der Schriftf\u00fchrerin sowie dem Kassenbericht ging der offizielle Teil zu Ende.\u00a0<\/span><\/p>\n<p><span style=\"font-size: 10pt; font-family: Arial,sans-serif;\"><span style=\"font-family: arial,helvetica,sans-serif;\">Es schloss sich der Stehempfang mit anregenden Gespr\u00e4chen bei Getr\u00e4nken und H\u00e4ppchen an.<\/span> <\/span><\/p>\n","protected":false},"excerpt":{"rendered":"<p>Wie immer fing die Jahreshauptversammlung der Initiative St\u00e4dtepartnerschaften Sindelfingen (ISPAS) traditionell mit einer F\u00fchrung durch die aktuellste Ausstellung der Galerie der Stadt Sindelfingen an. Anschlie\u00dfend fand die Versammlung statt, die [&hellip;]<\/p>\n","protected":false},"author":2,"featured_media":0,"comment_status":"closed","ping_status":"closed","sticky":false,"template":"","format":"standard","meta":{"ngg_post_thumbnail":0},"categories":[38,17,31],"tags":[],"_links":{"self":[{"href":"https:\/\/test.ispas-ev.de\/index.php?rest_route=\/wp\/v2\/posts\/3050"}],"collection":[{"href":"https:\/\/test.ispas-ev.de\/index.php?rest_route=\/wp\/v2\/posts"}],"about":[{"href":"https:\/\/test.ispas-ev.de\/index.php?rest_route=\/wp\/v2\/types\/post"}],"author":[{"embeddable":true,"href":"https:\/\/test.ispas-ev.de\/index.php?rest_route=\/wp\/v2\/users\/2"}],"replies":[{"embeddable":true,"href":"https:\/\/test.ispas-ev.de\/index.php?rest_route=%2Fwp%2Fv2%2Fcomments&post=3050"}],"version-history":[{"count":10,"href":"https:\/\/test.ispas-ev.de\/index.php?rest_route=\/wp\/v2\/posts\/3050\/revisions"}],"predecessor-version":[{"id":3193,"href":"https:\/\/test.ispas-ev.de\/index.php?rest_route=\/wp\/v2\/posts\/3050\/revisions\/3193"}],"wp:attachment":[{"href":"https:\/\/test.ispas-ev.de\/index.php?rest_route=%2Fwp%2Fv2%2Fmedia&parent=3050"}],"wp:term":[{"taxonomy":"category","embeddable":true,"href":"https:\/\/test.ispas-ev.de\/index.php?rest_route=%2Fwp%2Fv2%2Fcategories&post=3050"},{"taxonomy":"post_tag","embeddable":true,"href":"https:\/\/test.ispas-ev.de\/index.php?rest_route=%2Fwp%2Fv2%2Ftags&post=3050"}],"curies":[{"name":"wp","href":"https:\/\/api.w.org\/{rel}","templated":true}]}}