{"id":3035,"date":"2015-01-16T18:24:39","date_gmt":"2015-01-16T17:24:39","guid":{"rendered":"http:\/\/www.ispas-ev.de\/?p=3035"},"modified":"2016-02-21T14:07:58","modified_gmt":"2016-02-21T13:07:58","slug":"ausstellung-torgau-ein-wintermaerchen-2","status":"publish","type":"post","link":"https:\/\/test.ispas-ev.de\/?p=3035","title":{"rendered":"Ausstellung &#8222;Torgau &#8211; ein Winterm\u00e4rchen"},"content":{"rendered":"<p><span style=\"font-family: arial,helvetica,sans-serif; font-size: 10pt;\"><b>Ausstellung im Hotel Torgauer Hof, Sindelfingen<br \/>\nvom 23.1. bis Ende M\u00e4rz 2015<\/b><\/span><\/p>\n<p><span style=\"font-family: arial,helvetica,sans-serif; font-size: 10pt;\"><b>Motto der Ausstellung \u201eTORGAU \u2013 ein Winterm\u00e4rchen\u201c<\/b><\/span><\/p>\n<p><span style=\"font-family: arial,helvetica,sans-serif; font-size: 10pt;\">Oliver Ulbricht, 1966 in Ribnitz-Damgarten geboren, findet seine fotografischen Wurzeln bereits in seiner Kindheit. So hat er sich die Fotografie von den Urspr\u00fcngen der analogen Fotografie bis zur heutigen digitalen Zeit St\u00fcck f\u00fcr St\u00fcck angeeignet. Dazu z\u00e4hlen viele eigene Erfahrungen mit verschiedenen fotografischen Themen und Schulungen zu den unterschiedlichsten Bereichen der Fotografie. In seiner Wahlheimat Torgauer wirkt er immer wieder am Stadtgeschehen mit, ob nun als Veranstalter, Gastronom, Fotograf oder einfach nur als helfende Hand. Er lebt und arbeitet in unserer Partnerstadt Torgau.<br \/>\n<\/span><\/p>\n","protected":false},"excerpt":{"rendered":"<p>Ausstellung im Hotel Torgauer Hof, Sindelfingen vom 23.1. bis Ende M\u00e4rz 2015 Motto der Ausstellung \u201eTORGAU \u2013 ein Winterm\u00e4rchen\u201c Oliver Ulbricht, 1966 in Ribnitz-Damgarten geboren, findet seine fotografischen Wurzeln bereits [&hellip;]<\/p>\n","protected":false},"author":2,"featured_media":0,"comment_status":"closed","ping_status":"closed","sticky":false,"template":"","format":"standard","meta":{"ngg_post_thumbnail":0},"categories":[38,17,21],"tags":[],"_links":{"self":[{"href":"https:\/\/test.ispas-ev.de\/index.php?rest_route=\/wp\/v2\/posts\/3035"}],"collection":[{"href":"https:\/\/test.ispas-ev.de\/index.php?rest_route=\/wp\/v2\/posts"}],"about":[{"href":"https:\/\/test.ispas-ev.de\/index.php?rest_route=\/wp\/v2\/types\/post"}],"author":[{"embeddable":true,"href":"https:\/\/test.ispas-ev.de\/index.php?rest_route=\/wp\/v2\/users\/2"}],"replies":[{"embeddable":true,"href":"https:\/\/test.ispas-ev.de\/index.php?rest_route=%2Fwp%2Fv2%2Fcomments&post=3035"}],"version-history":[{"count":6,"href":"https:\/\/test.ispas-ev.de\/index.php?rest_route=\/wp\/v2\/posts\/3035\/revisions"}],"predecessor-version":[{"id":3037,"href":"https:\/\/test.ispas-ev.de\/index.php?rest_route=\/wp\/v2\/posts\/3035\/revisions\/3037"}],"wp:attachment":[{"href":"https:\/\/test.ispas-ev.de\/index.php?rest_route=%2Fwp%2Fv2%2Fmedia&parent=3035"}],"wp:term":[{"taxonomy":"category","embeddable":true,"href":"https:\/\/test.ispas-ev.de\/index.php?rest_route=%2Fwp%2Fv2%2Fcategories&post=3035"},{"taxonomy":"post_tag","embeddable":true,"href":"https:\/\/test.ispas-ev.de\/index.php?rest_route=%2Fwp%2Fv2%2Ftags&post=3035"}],"curies":[{"name":"wp","href":"https:\/\/api.w.org\/{rel}","templated":true}]}}