{"id":3015,"date":"2014-10-30T13:53:59","date_gmt":"2014-10-30T12:53:59","guid":{"rendered":"http:\/\/www.ispas-ev.de\/?p=3015"},"modified":"2015-09-08T11:42:18","modified_gmt":"2015-09-08T10:42:18","slug":"kuenstler-aus-corbeil-essonnes-und-sindelfingen-im-kaffeehaus","status":"publish","type":"post","link":"https:\/\/test.ispas-ev.de\/?p=3015","title":{"rendered":"K\u00fcnstler aus Corbeil-Essonnes und Sindelfingen im Kaffeehaus"},"content":{"rendered":"<p><span style=\"font-size: 10pt; font-family: arial,helvetica,sans-serif;\"><b><a href=\"http:\/\/www.ispas-ev.de\/wp-content\/uploads\/2014\/10\/985f4d97.s.jpg\"><img decoding=\"async\" loading=\"lazy\" class=\"alignright size-full wp-image-3021\" src=\"http:\/\/www.ispas-ev.de\/wp-content\/uploads\/2014\/10\/985f4d97.s.jpg\" alt=\"985f4d97.s\" width=\"240\" height=\"160\" \/><\/a>K\u00fcnstler aus Corbeil-Essonnes und Sindelfingen treten am Freitag, 14. November, ab 18 Uhr im Sindelfinger Kaffeehaus auf. <\/b><\/span><\/p>\n<p><span style=\"font-size: 10pt; font-family: arial,helvetica,sans-serif;\">Nach dem erfolgreichen Gastspiel im vergangenen Jahr an gleicher Stelle gibt es ein Wiedersehen mit S\u00e4ngerin Caroline Mane, Alain Cressot (Saxofon) und Igor Petrov (Akkordeon) in der Unteren Vorstadt 5. Von 18 Uhr bis 20 Uhr unterhalten die beiden K\u00fcnstler aus Frankreich mit franz\u00f6sischen Chansons und Liedern, Igor Petrov von der SMTT begleitet einige der St\u00fccke mit seinem Akkordeon.<\/span><\/p>\n<p>&nbsp;<\/p>\n","protected":false},"excerpt":{"rendered":"<p>K\u00fcnstler aus Corbeil-Essonnes und Sindelfingen treten am Freitag, 14. November, ab 18 Uhr im Sindelfinger Kaffeehaus auf. Nach dem erfolgreichen Gastspiel im vergangenen Jahr an gleicher Stelle gibt es ein [&hellip;]<\/p>\n","protected":false},"author":2,"featured_media":0,"comment_status":"closed","ping_status":"closed","sticky":false,"template":"","format":"standard","meta":{"ngg_post_thumbnail":0},"categories":[37,17],"tags":[],"_links":{"self":[{"href":"https:\/\/test.ispas-ev.de\/index.php?rest_route=\/wp\/v2\/posts\/3015"}],"collection":[{"href":"https:\/\/test.ispas-ev.de\/index.php?rest_route=\/wp\/v2\/posts"}],"about":[{"href":"https:\/\/test.ispas-ev.de\/index.php?rest_route=\/wp\/v2\/types\/post"}],"author":[{"embeddable":true,"href":"https:\/\/test.ispas-ev.de\/index.php?rest_route=\/wp\/v2\/users\/2"}],"replies":[{"embeddable":true,"href":"https:\/\/test.ispas-ev.de\/index.php?rest_route=%2Fwp%2Fv2%2Fcomments&post=3015"}],"version-history":[{"count":4,"href":"https:\/\/test.ispas-ev.de\/index.php?rest_route=\/wp\/v2\/posts\/3015\/revisions"}],"predecessor-version":[{"id":3197,"href":"https:\/\/test.ispas-ev.de\/index.php?rest_route=\/wp\/v2\/posts\/3015\/revisions\/3197"}],"wp:attachment":[{"href":"https:\/\/test.ispas-ev.de\/index.php?rest_route=%2Fwp%2Fv2%2Fmedia&parent=3015"}],"wp:term":[{"taxonomy":"category","embeddable":true,"href":"https:\/\/test.ispas-ev.de\/index.php?rest_route=%2Fwp%2Fv2%2Fcategories&post=3015"},{"taxonomy":"post_tag","embeddable":true,"href":"https:\/\/test.ispas-ev.de\/index.php?rest_route=%2Fwp%2Fv2%2Ftags&post=3015"}],"curies":[{"name":"wp","href":"https:\/\/api.w.org\/{rel}","templated":true}]}}