{"id":2958,"date":"2014-09-21T20:14:15","date_gmt":"2014-09-21T19:14:15","guid":{"rendered":"http:\/\/www.ispas-ev.de\/?p=2958"},"modified":"2015-03-07T15:28:13","modified_gmt":"2015-03-07T14:28:13","slug":"buergerfahrt-nach-gyoer-aus-anlass-des-25-jaehrigen-partnerschaftsjubilaeums","status":"publish","type":"post","link":"https:\/\/test.ispas-ev.de\/?p=2958","title":{"rendered":"B\u00fcrgerfahrt nach Gy\u00f6r aus Anlass des 25-j\u00e4hrigen Partnerschaftsjubil\u00e4ums"},"content":{"rendered":"<p><span style=\"font-family: arial,helvetica,sans-serif; font-size: small;\">Am Sonntag, <a href=\"http:\/\/www.ispas-ev.de\/wp-content\/uploads\/2014\/09\/P1200018.jpg\"><img decoding=\"async\" loading=\"lazy\" class=\"alignright  wp-image-2996\" alt=\"P1200018\" src=\"http:\/\/www.ispas-ev.de\/wp-content\/uploads\/2014\/09\/P1200018.jpg\" width=\"288\" height=\"216\" \/><\/a>14. September 2014, endete f\u00fcr 33 Teilnehmerinnen und Teilnehmer eine B\u00fcrgerfahrt, die von ISPAS anl\u00e4sslich des 25-Jahr-Jubil\u00e4ums der St\u00e4dtepartnerschaft Gy\u00f6r-Sindelfingen angeboten wurde.<\/span><\/p>\n<p><span style=\"font-family: arial,helvetica,sans-serif; font-size: small;\">Am Dienstag, 9. September 2014, startete die Reisegruppe am Sindelfinger Rathaus und machte einen ersten Zwischenstopp in Linz, der interessanten Landeshauptstadt von Ober\u00f6sterreich. Am zweiten Tag ging es weiter nach Gy\u00f6r, Sindelfingens Partnerstadt. Nach der Ankunft im Hotel, einem alten sehr sch\u00f6n renovierten Kloster, gab es am Abend ein Empfang der Stadt Gy\u00f6r anl\u00e4sslich des Partnerschaftsjubil\u00e4ums mit dem Vizeb\u00fcrgermeister und mit Sindelfingens Oberb\u00fcrgermeister Dr. Bernd V\u00f6hringer, der eigens aus diesem Anlass angereist war.<\/span><\/p>\n<p><span style=\"font-family: arial,helvetica,sans-serif; font-size: small;\">Mit einem Tagesausflug nach Budapest, der Besichtigung der barocken Innenstadt Gy\u00f6rs und den Informationen \u00fcber Gy\u00f6r, den Aktivit\u00e4ten auf dem und am Neusiedler See, der Fahrt durch die Wachau, dem Besuch des Benediktinerstifts Melk und der Drei-Fl\u00fcsse-Stadt Passau ist die B\u00fcrgerfahrt f\u00fcr alle ein unvergessliches Erlebnis geworden.<\/span><\/p>\n<p><span style=\"font-family: arial,helvetica,sans-serif; font-size: small;\">Haben wir Sie neugierig gemacht? Dann lesen Sie den ausf\u00fchrlichen <a href=\"http:\/\/www.ispas-ev.de\/wp-content\/uploads\/2014\/09\/2014-B\u00fcrgerfahrt-Gy\u00f6r-Pressebericht.pdf\">Bericht<\/a>, den Brigitte Stegmaier, die zweite Vorsitzende von ISPAS, verfasst hat.<\/span><\/p>\n","protected":false},"excerpt":{"rendered":"<p>Am Sonntag, 14. September 2014, endete f\u00fcr 33 Teilnehmerinnen und Teilnehmer eine B\u00fcrgerfahrt, die von ISPAS anl\u00e4sslich des 25-Jahr-Jubil\u00e4ums der St\u00e4dtepartnerschaft Gy\u00f6r-Sindelfingen angeboten wurde. Am Dienstag, 9. September 2014, startete [&hellip;]<\/p>\n","protected":false},"author":2,"featured_media":0,"comment_status":"closed","ping_status":"closed","sticky":false,"template":"","format":"standard","meta":{"ngg_post_thumbnail":0},"categories":[37,28,17],"tags":[],"_links":{"self":[{"href":"https:\/\/test.ispas-ev.de\/index.php?rest_route=\/wp\/v2\/posts\/2958"}],"collection":[{"href":"https:\/\/test.ispas-ev.de\/index.php?rest_route=\/wp\/v2\/posts"}],"about":[{"href":"https:\/\/test.ispas-ev.de\/index.php?rest_route=\/wp\/v2\/types\/post"}],"author":[{"embeddable":true,"href":"https:\/\/test.ispas-ev.de\/index.php?rest_route=\/wp\/v2\/users\/2"}],"replies":[{"embeddable":true,"href":"https:\/\/test.ispas-ev.de\/index.php?rest_route=%2Fwp%2Fv2%2Fcomments&post=2958"}],"version-history":[{"count":1,"href":"https:\/\/test.ispas-ev.de\/index.php?rest_route=\/wp\/v2\/posts\/2958\/revisions"}],"predecessor-version":[{"id":2998,"href":"https:\/\/test.ispas-ev.de\/index.php?rest_route=\/wp\/v2\/posts\/2958\/revisions\/2998"}],"wp:attachment":[{"href":"https:\/\/test.ispas-ev.de\/index.php?rest_route=%2Fwp%2Fv2%2Fmedia&parent=2958"}],"wp:term":[{"taxonomy":"category","embeddable":true,"href":"https:\/\/test.ispas-ev.de\/index.php?rest_route=%2Fwp%2Fv2%2Fcategories&post=2958"},{"taxonomy":"post_tag","embeddable":true,"href":"https:\/\/test.ispas-ev.de\/index.php?rest_route=%2Fwp%2Fv2%2Ftags&post=2958"}],"curies":[{"name":"wp","href":"https:\/\/api.w.org\/{rel}","templated":true}]}}