{"id":2949,"date":"2014-08-01T09:52:08","date_gmt":"2014-08-01T08:52:08","guid":{"rendered":"http:\/\/www.ispas-ev.de\/?p=2949"},"modified":"2015-03-07T15:22:39","modified_gmt":"2015-03-07T14:22:39","slug":"rueckblick-dronfield-abend","status":"publish","type":"post","link":"https:\/\/test.ispas-ev.de\/?p=2949","title":{"rendered":"R\u00fcckblick Dronfield-Abend"},"content":{"rendered":"<div lang=\"x-western\"><span style=\"font-size: small; font-family: arial,helvetica,sans-serif;\">Liebe Freundinnen und Freunde unserer Partnerschaft mit Dronfield,\u00a0\u00a0\u00a0\u00a0\u00a0\u00a0\u00a0\u00a0\u00a0\u00a0\u00a0\u00a0\u00a0\u00a0\u00a0<\/span><\/p>\n<div>\n<div>\n<p><span style=\"font-size: small; font-family: arial,helvetica,sans-serif;\">welche Freude, Sie und Euch alle am \u201eDronfield-Abend\u201c wieder getroffen zu haben. Uli Fritz sagte am letzten Montag treffend \u201ewir k\u00f6nnten grade morgen wieder gemeinsam losfahren, die Gruppe ist fast vollz\u00e4hlig\u201c. Sein Vortrag war toll, das Fotobuch beeindruckend. Danke noch einmal recht herzlich daf\u00fcr.<\/span><\/p>\n<p><span style=\"font-size: small; font-family: arial,helvetica,sans-serif;\">Viele von Ihnen und Euch haben sich spontan gemeldet, beim Gegenbesuch unserer englischen Freunde im September bei Abendveranstaltungen, Ausfl\u00fcgen und Empf\u00e4ngen, dabei zu sein und auch zu helfen, um unseren G\u00e4sten den Aufenthalt hier ebenso liebensw\u00fcrdig und bequem zu gestalten, wie wir es erlebt haben.<\/span><\/p>\n<p><span style=\"font-size: small; font-family: arial,helvetica,sans-serif;\">Doch nicht alle hatten ihren Terminkalender im Kopf und einige konnten an dem Abend auch nicht teilnehmen. Deshalb heute auf diesem Weg noch einmal das aktualisierte Programm sowie die Aktivit\u00e4ten-Liste zur Erg\u00e4nzung durch Sie und Euch. Schauen Sie rein, stellen Sie fest, wo es noch fehlt an Konversationspartnern, an Taxidiensten, an Begleitung zum Abschied usw.. Sie sind jedoch prinzipiell frei zu w\u00e4hlen bei welchem Punkt Sie dabei sein wollen. Nat\u00fcrlich w\u00e4re es super, wenn am ISPAS-Abend zum Unterhaltungsteil m\u00f6glichst alle kommen k\u00f6nnten. Lediglich beim Abendessen gibt es eine begrenzte Platzzahl, das hat organisatorische Gr\u00fcnde; denn die SMTT ist eben kein Restaurant. Begrenzte Platzzahlen haben wir ebenso bei den Busfahrten. Deshalb wird sich das Orga-Team (Dagmar B\u00f6hm, Ute Walker, Uli Fritz) vorbehalten m\u00fcssen, die endg\u00fcltige Wahl zu treffen. Sie werden von uns dar\u00fcber zeitnah informiert werden.<\/span><\/p>\n<p><span style=\"font-size: small; font-family: arial,helvetica,sans-serif;\">Bitte geben Sie uns Ihre R\u00fcckmeldung mit Ihrem Namen, Ihrer Erreichbarkeit (Telefon\/E-Mail) und dem Mitwirkungstitel m\u00f6glichst bald, aber sp\u00e4testens bis zum 1. September 2014 herein.<\/span><\/p>\n<p><span style=\"font-size: small; font-family: arial,helvetica,sans-serif;\">Vielen Dank und recht herzliche Gr\u00fc\u00dfe auch im Namen von Dagmar B\u00f6hm und Uli Fritz<\/span><\/p>\n<p><span style=\"font-size: small; font-family: arial,helvetica,sans-serif;\">Ihre<\/span><br \/>\n<span style=\"font-size: small; font-family: arial,helvetica,sans-serif;\">Ute Walker<\/span><\/p>\n<\/div>\n<\/div>\n<\/div>\n","protected":false},"excerpt":{"rendered":"<p>Liebe Freundinnen und Freunde unserer Partnerschaft mit Dronfield,\u00a0\u00a0\u00a0\u00a0\u00a0\u00a0\u00a0\u00a0\u00a0\u00a0\u00a0\u00a0\u00a0\u00a0\u00a0 welche Freude, Sie und Euch alle am \u201eDronfield-Abend\u201c wieder getroffen zu haben. Uli Fritz sagte am letzten Montag treffend \u201ewir k\u00f6nnten grade [&hellip;]<\/p>\n","protected":false},"author":2,"featured_media":0,"comment_status":"closed","ping_status":"closed","sticky":false,"template":"","format":"standard","meta":{"ngg_post_thumbnail":0},"categories":[37,22,17],"tags":[],"_links":{"self":[{"href":"https:\/\/test.ispas-ev.de\/index.php?rest_route=\/wp\/v2\/posts\/2949"}],"collection":[{"href":"https:\/\/test.ispas-ev.de\/index.php?rest_route=\/wp\/v2\/posts"}],"about":[{"href":"https:\/\/test.ispas-ev.de\/index.php?rest_route=\/wp\/v2\/types\/post"}],"author":[{"embeddable":true,"href":"https:\/\/test.ispas-ev.de\/index.php?rest_route=\/wp\/v2\/users\/2"}],"replies":[{"embeddable":true,"href":"https:\/\/test.ispas-ev.de\/index.php?rest_route=%2Fwp%2Fv2%2Fcomments&post=2949"}],"version-history":[{"count":2,"href":"https:\/\/test.ispas-ev.de\/index.php?rest_route=\/wp\/v2\/posts\/2949\/revisions"}],"predecessor-version":[{"id":2951,"href":"https:\/\/test.ispas-ev.de\/index.php?rest_route=\/wp\/v2\/posts\/2949\/revisions\/2951"}],"wp:attachment":[{"href":"https:\/\/test.ispas-ev.de\/index.php?rest_route=%2Fwp%2Fv2%2Fmedia&parent=2949"}],"wp:term":[{"taxonomy":"category","embeddable":true,"href":"https:\/\/test.ispas-ev.de\/index.php?rest_route=%2Fwp%2Fv2%2Fcategories&post=2949"},{"taxonomy":"post_tag","embeddable":true,"href":"https:\/\/test.ispas-ev.de\/index.php?rest_route=%2Fwp%2Fv2%2Ftags&post=2949"}],"curies":[{"name":"wp","href":"https:\/\/api.w.org\/{rel}","templated":true}]}}