{"id":2848,"date":"2014-06-28T08:51:32","date_gmt":"2014-06-28T07:51:32","guid":{"rendered":"http:\/\/www.ispas-ev.de\/?p=2848"},"modified":"2016-02-21T14:06:38","modified_gmt":"2016-02-21T13:06:38","slug":"medienmitteilung-der-stadt-schaffhausen","status":"publish","type":"post","link":"https:\/\/test.ispas-ev.de\/?p=2848","title":{"rendered":"Medienmitteilung der Stadt Schaffhausen"},"content":{"rendered":"<p><span style=\"font-family: Arial; font-size: medium;\"><b>St\u00e4dtefreundschaft Schaffhausen &#8211; Sindelfingen <\/b><\/span><\/p>\n<p><span style=\"font-family: Arial; font-size: small;\">Die Stadt Sindelfingen hat am vergangenen Wochenende anl\u00e4sslich des internationalen Strassenfestes, das seit 38 Jahren durchgef\u00fchrt wird, mit seinen sieben europ\u00e4ischen Partnerst\u00e4dten gefeiert. Die Freundschaft mit der Stadt Schaffhausen existiert bereits \u00fcber 60 Jahre.<\/span><\/p>\n<p><span style=\"font-family: Arial; font-size: small;\">Zur Er\u00f6ffnung des Strassenfestes war eine Delegation der <\/span><span style=\"font-family: Arial; font-size: small;\">Stadtregierung im B\u00fcrgerhaus Maichingen eingeladen. Das offiz<\/span><span style=\"font-family: Arial; font-size: small;\">ielle Programm umfasste auch dieses Jahr kommunalpolitische Gespr\u00e4che. Traditionell ist die Stadt Schaffhausen am Strassenfest<\/span><a href=\"http:\/\/www.ispas-ev.de\/wp-content\/uploads\/2014\/06\/Stra\u00dfenfest2014.jpg\"><img decoding=\"async\" loading=\"lazy\" class=\"alignright  wp-image-2849\" style=\"border: 2px solid white;\" alt=\"Stra\u00dfenfest2014\" src=\"http:\/\/www.ispas-ev.de\/wp-content\/uploads\/2014\/06\/Stra\u00dfenfest2014.jpg\" width=\"317\" height=\"238\" srcset=\"https:\/\/test.ispas-ev.de\/wp-content\/uploads\/2014\/06\/Stra\u00dfenfest2014.jpg 800w, https:\/\/test.ispas-ev.de\/wp-content\/uploads\/2014\/06\/Stra\u00dfenfest2014-300x225.jpg 300w\" sizes=\"(max-width: 317px) 100vw, 317px\" \/><\/a><span style=\"font-family: Arial; font-size: small;\"> mit einem Stand vertreten, an welchem Raclette und Mun\u00f6tler-Wein angeboten werden. Freiwillige Helfer waren auch dieses Jahr mit vollem Elan mit dabei. Die Organisation des Standes am Strassenfest liegt jeweils in den H\u00e4nden der Stadtkanzlei in Zusammenarbeit mit dem Kulturamt der Stadt Sindelfingen. <\/span><\/p>\n","protected":false},"excerpt":{"rendered":"<p>St\u00e4dtefreundschaft Schaffhausen &#8211; Sindelfingen Die Stadt Sindelfingen hat am vergangenen Wochenende anl\u00e4sslich des internationalen Strassenfestes, das seit 38 Jahren durchgef\u00fchrt wird, mit seinen sieben europ\u00e4ischen Partnerst\u00e4dten gefeiert. Die Freundschaft mit [&hellip;]<\/p>\n","protected":false},"author":2,"featured_media":0,"comment_status":"closed","ping_status":"closed","sticky":false,"template":"","format":"standard","meta":{"ngg_post_thumbnail":0},"categories":[37,17,19,27],"tags":[],"_links":{"self":[{"href":"https:\/\/test.ispas-ev.de\/index.php?rest_route=\/wp\/v2\/posts\/2848"}],"collection":[{"href":"https:\/\/test.ispas-ev.de\/index.php?rest_route=\/wp\/v2\/posts"}],"about":[{"href":"https:\/\/test.ispas-ev.de\/index.php?rest_route=\/wp\/v2\/types\/post"}],"author":[{"embeddable":true,"href":"https:\/\/test.ispas-ev.de\/index.php?rest_route=\/wp\/v2\/users\/2"}],"replies":[{"embeddable":true,"href":"https:\/\/test.ispas-ev.de\/index.php?rest_route=%2Fwp%2Fv2%2Fcomments&post=2848"}],"version-history":[{"count":5,"href":"https:\/\/test.ispas-ev.de\/index.php?rest_route=\/wp\/v2\/posts\/2848\/revisions"}],"predecessor-version":[{"id":2854,"href":"https:\/\/test.ispas-ev.de\/index.php?rest_route=\/wp\/v2\/posts\/2848\/revisions\/2854"}],"wp:attachment":[{"href":"https:\/\/test.ispas-ev.de\/index.php?rest_route=%2Fwp%2Fv2%2Fmedia&parent=2848"}],"wp:term":[{"taxonomy":"category","embeddable":true,"href":"https:\/\/test.ispas-ev.de\/index.php?rest_route=%2Fwp%2Fv2%2Fcategories&post=2848"},{"taxonomy":"post_tag","embeddable":true,"href":"https:\/\/test.ispas-ev.de\/index.php?rest_route=%2Fwp%2Fv2%2Ftags&post=2848"}],"curies":[{"name":"wp","href":"https:\/\/api.w.org\/{rel}","templated":true}]}}