{"id":2839,"date":"2014-06-21T10:44:29","date_gmt":"2014-06-21T09:44:29","guid":{"rendered":"http:\/\/www.ispas-ev.de\/?p=2839"},"modified":"2015-03-07T15:24:05","modified_gmt":"2015-03-07T14:24:05","slug":"einladung-zum-jugendaustausch-in-chelm","status":"publish","type":"post","link":"https:\/\/test.ispas-ev.de\/?p=2839","title":{"rendered":"Einladung zum Jugendaustausch in Che\u0142m"},"content":{"rendered":"<p><span style=\"font-size: small; font-family: arial,helvetica,sans-serif;\">Jugendbegegnung in Wlodawa\/Polen vom <strong>6. bis 12. Juli 2014<\/strong><\/span><\/p>\n<p><em><span style=\"font-size: small; font-family: arial,helvetica,sans-serif;\">Es sind noch Pl\u00e4tze frei! <\/span><\/em><\/p>\n<p align=\"JUSTIFY\"><span style=\"font-size: small; font-family: arial,helvetica,sans-serif;\">In der N\u00e4he unserer polnischen Partnerstadt <strong>Chelm<\/strong> findet vom 6. bis 12. Juli ein Jugendlager mit Jugendlichen aus Polen und Deutschland statt.<\/span><\/p>\n<p align=\"JUSTIFY\"><span style=\"font-size: small; font-family: arial,helvetica,sans-serif;\">Neben gemeinsamen Aktivit\u00e4ten und Diskussionen \u00fcber verschiedene aktuelle Themen stehen auch Exkursionen in die n\u00e4here Umgebung auf dem Programm.<\/span><\/p>\n<p align=\"JUSTIFY\"><span style=\"font-size: small; font-family: arial,helvetica,sans-serif;\">Angesprochen sind <strong>Jugendliche<\/strong> im Alter zwischen <strong>18<\/strong> und <strong>26<\/strong> Jahren und <strong>Begleitpersonen<\/strong> im Alter ab <strong>27<\/strong> Jahre.\u00a0<\/span><\/p>\n<p><span style=\"font-size: small; font-family: arial,helvetica,sans-serif;\"><a href=\"http:\/\/www.ispas-ev.de\/wp-content\/uploads\/2014\/06\/Jugendbegegnung-in-Polen.pdf\">Hier <\/a>finden Sie die Einladung und die Kontaktdaten.<\/span><\/p>\n<p>&nbsp;<\/p>\n","protected":false},"excerpt":{"rendered":"<p>Jugendbegegnung in Wlodawa\/Polen vom 6. bis 12. Juli 2014 Es sind noch Pl\u00e4tze frei! In der N\u00e4he unserer polnischen Partnerstadt Chelm findet vom 6. bis 12. Juli ein Jugendlager mit [&hellip;]<\/p>\n","protected":false},"author":2,"featured_media":0,"comment_status":"closed","ping_status":"closed","sticky":false,"template":"","format":"standard","meta":{"ngg_post_thumbnail":0},"categories":[37,23,17],"tags":[],"_links":{"self":[{"href":"https:\/\/test.ispas-ev.de\/index.php?rest_route=\/wp\/v2\/posts\/2839"}],"collection":[{"href":"https:\/\/test.ispas-ev.de\/index.php?rest_route=\/wp\/v2\/posts"}],"about":[{"href":"https:\/\/test.ispas-ev.de\/index.php?rest_route=\/wp\/v2\/types\/post"}],"author":[{"embeddable":true,"href":"https:\/\/test.ispas-ev.de\/index.php?rest_route=\/wp\/v2\/users\/2"}],"replies":[{"embeddable":true,"href":"https:\/\/test.ispas-ev.de\/index.php?rest_route=%2Fwp%2Fv2%2Fcomments&post=2839"}],"version-history":[{"count":6,"href":"https:\/\/test.ispas-ev.de\/index.php?rest_route=\/wp\/v2\/posts\/2839\/revisions"}],"predecessor-version":[{"id":2843,"href":"https:\/\/test.ispas-ev.de\/index.php?rest_route=\/wp\/v2\/posts\/2839\/revisions\/2843"}],"wp:attachment":[{"href":"https:\/\/test.ispas-ev.de\/index.php?rest_route=%2Fwp%2Fv2%2Fmedia&parent=2839"}],"wp:term":[{"taxonomy":"category","embeddable":true,"href":"https:\/\/test.ispas-ev.de\/index.php?rest_route=%2Fwp%2Fv2%2Fcategories&post=2839"},{"taxonomy":"post_tag","embeddable":true,"href":"https:\/\/test.ispas-ev.de\/index.php?rest_route=%2Fwp%2Fv2%2Ftags&post=2839"}],"curies":[{"name":"wp","href":"https:\/\/api.w.org\/{rel}","templated":true}]}}