{"id":2823,"date":"2014-06-05T20:28:15","date_gmt":"2014-06-05T19:28:15","guid":{"rendered":"http:\/\/www.ispas-ev.de\/?p=2823"},"modified":"2015-03-07T15:24:17","modified_gmt":"2015-03-07T14:24:17","slug":"strassenfest-2014","status":"publish","type":"post","link":"https:\/\/test.ispas-ev.de\/?p=2823","title":{"rendered":"Stra\u00dfenfest 2014"},"content":{"rendered":"<p><strong><span style=\"font-size: small; font-family: arial,helvetica,sans-serif;\">20. bis 22. Juni<\/span><\/strong><\/p>\n<p><span style=\"font-family: arial,helvetica,sans-serif; font-size: small;\">Wie in den vergangenen Jahren, so finden Sie den Platz der Partnerst\u00e4dte auch in diesem Jahr w\u00e4hrend des Internationalen Stra\u00dfenfests, vom 20. bis 22. Juni, in der Ziegelstra\u00dfe \/ Ecke Planie. Zeigen Sie unseren G\u00e4sten aus den Sindelfinger Partnerst\u00e4dten durch Ihren Besuch, Ihr Interesse an Land und Leuten und durch Gespr\u00e4che, dass wir sie in unserer Stadt herzlich willkommen hei\u00dfen und uns \u00fcber die partnerschaftlichen Begegnungen freuen. <\/span><\/p>\n<p><span style=\"font-size: small; font-family: arial,helvetica,sans-serif;\"> <a href=\"http:\/\/www.ispas-ev.de\/wp-content\/uploads\/2014\/06\/2014-Handzettel-2.pdf\">Programm der Partnerschaftsb\u00fchne<\/a><\/span><\/p>\n","protected":false},"excerpt":{"rendered":"<p>20. bis 22. Juni Wie in den vergangenen Jahren, so finden Sie den Platz der Partnerst\u00e4dte auch in diesem Jahr w\u00e4hrend des Internationalen Stra\u00dfenfests, vom 20. bis 22. Juni, in [&hellip;]<\/p>\n","protected":false},"author":2,"featured_media":0,"comment_status":"closed","ping_status":"closed","sticky":false,"template":"","format":"standard","meta":{"ngg_post_thumbnail":0},"categories":[37,17,27],"tags":[],"_links":{"self":[{"href":"https:\/\/test.ispas-ev.de\/index.php?rest_route=\/wp\/v2\/posts\/2823"}],"collection":[{"href":"https:\/\/test.ispas-ev.de\/index.php?rest_route=\/wp\/v2\/posts"}],"about":[{"href":"https:\/\/test.ispas-ev.de\/index.php?rest_route=\/wp\/v2\/types\/post"}],"author":[{"embeddable":true,"href":"https:\/\/test.ispas-ev.de\/index.php?rest_route=\/wp\/v2\/users\/2"}],"replies":[{"embeddable":true,"href":"https:\/\/test.ispas-ev.de\/index.php?rest_route=%2Fwp%2Fv2%2Fcomments&post=2823"}],"version-history":[{"count":2,"href":"https:\/\/test.ispas-ev.de\/index.php?rest_route=\/wp\/v2\/posts\/2823\/revisions"}],"predecessor-version":[{"id":2826,"href":"https:\/\/test.ispas-ev.de\/index.php?rest_route=\/wp\/v2\/posts\/2823\/revisions\/2826"}],"wp:attachment":[{"href":"https:\/\/test.ispas-ev.de\/index.php?rest_route=%2Fwp%2Fv2%2Fmedia&parent=2823"}],"wp:term":[{"taxonomy":"category","embeddable":true,"href":"https:\/\/test.ispas-ev.de\/index.php?rest_route=%2Fwp%2Fv2%2Fcategories&post=2823"},{"taxonomy":"post_tag","embeddable":true,"href":"https:\/\/test.ispas-ev.de\/index.php?rest_route=%2Fwp%2Fv2%2Ftags&post=2823"}],"curies":[{"name":"wp","href":"https:\/\/api.w.org\/{rel}","templated":true}]}}