{"id":2819,"date":"2014-06-05T21:23:00","date_gmt":"2014-06-05T20:23:00","guid":{"rendered":"http:\/\/www.ispas-ev.de\/?p=2819"},"modified":"2014-09-21T19:14:47","modified_gmt":"2014-09-21T18:14:47","slug":"buergerfahrt-nach-gyoer","status":"publish","type":"post","link":"https:\/\/test.ispas-ev.de\/?p=2819","title":{"rendered":"B\u00fcrgerfahrt nach Gy\u00f6r 2014"},"content":{"rendered":"<p><span style=\"font-size: small; font-family: arial,helvetica,sans-serif;\">\u00a0<strong>9. bis 14.September 201<\/strong>4<\/span><\/p>\n<p><span style=\"font-family: arial,helvetica,sans-serif; font-size: small;\">Liebe ISPAS Mitglieder,<\/span><br \/>\n<span style=\"font-family: arial,helvetica,sans-serif; font-size: small;\">sehr geehrte Damen und Herren<\/span><\/p>\n<p><span style=\"font-family: arial,helvetica,sans-serif; font-size: small;\">Auch in diesem Jahr k\u00f6nnen wir ein partnerschaftliches Jubil\u00e4um feiern: 25 Jahre Partnerschaft Gy\u00f6r \/ Ungarn mit Sindelfingen. Deshalb ist es uns eine Freude, eine B\u00fcrgerfahrt nach Gy\u00f6r organisieren zu k\u00f6nnen und hoffen, dass wir mit unserem Angebot auf gro\u00dfe Resonanz sto\u00dfen werden. <\/span><\/p>\n<p><span style=\"font-family: arial,helvetica,sans-serif; font-size: small;\">Wie Sie <a href=\"http:\/\/www.ispas-ev.de\/wp-content\/uploads\/2014\/06\/2014-B\u00fcrgerfahrt-Gy\u00f6r-Programm-und-Anmeldung-g\u00fcltige-Version-1.pdf\">beiliegendem Prospekt<\/a> entnehmen k\u00f6nnen, erwartet Sie ein reichhaltiges und abwechslungsreiches Programm, nicht nur in Ungarn, sondern auch in \u00d6sterreich und Deutschland. Wir sind sicher, Ihnen Lust auf diese Reise zu machen und freuen uns auf viele Anmeldungen. <\/span><\/p>\n<p><span style=\"font-family: arial,helvetica,sans-serif; font-size: small;\">Wir fahren wieder mit einem klimatisierten Bus der Hassler Reisen und wissen aus der Vergangenheit, dass wir gut fahren und gut betreut werden. Die Reise wurde in Zusammenarbeit mit der Firma Hassler geplant und organisiert.<\/span><\/p>\n<p><span style=\"font-family: arial,helvetica,sans-serif; font-size: small;\">Ich freue mich auf ein reges Interesse und gr\u00fc\u00dfe Sie sehr herzlich<\/span><\/p>\n<p><span style=\"font-size: small; font-family: arial,helvetica,sans-serif;\">gez.<\/span><br \/>\n<span style=\"font-family: arial,helvetica,sans-serif; font-size: small;\">Brigitte Stegmaier<\/span><br \/>\n<span style=\"font-family: arial,helvetica,sans-serif; font-size: small;\">2. Vorsitzende<\/span><\/p>\n","protected":false},"excerpt":{"rendered":"<p>\u00a09. bis 14.September 2014 Liebe ISPAS Mitglieder, sehr geehrte Damen und Herren Auch in diesem Jahr k\u00f6nnen wir ein partnerschaftliches Jubil\u00e4um feiern: 25 Jahre Partnerschaft Gy\u00f6r \/ Ungarn mit Sindelfingen. [&hellip;]<\/p>\n","protected":false},"author":2,"featured_media":0,"comment_status":"closed","ping_status":"closed","sticky":false,"template":"","format":"standard","meta":{"ngg_post_thumbnail":0},"categories":[37,28,17],"tags":[],"_links":{"self":[{"href":"https:\/\/test.ispas-ev.de\/index.php?rest_route=\/wp\/v2\/posts\/2819"}],"collection":[{"href":"https:\/\/test.ispas-ev.de\/index.php?rest_route=\/wp\/v2\/posts"}],"about":[{"href":"https:\/\/test.ispas-ev.de\/index.php?rest_route=\/wp\/v2\/types\/post"}],"author":[{"embeddable":true,"href":"https:\/\/test.ispas-ev.de\/index.php?rest_route=\/wp\/v2\/users\/2"}],"replies":[{"embeddable":true,"href":"https:\/\/test.ispas-ev.de\/index.php?rest_route=%2Fwp%2Fv2%2Fcomments&post=2819"}],"version-history":[{"count":2,"href":"https:\/\/test.ispas-ev.de\/index.php?rest_route=\/wp\/v2\/posts\/2819\/revisions"}],"predecessor-version":[{"id":2822,"href":"https:\/\/test.ispas-ev.de\/index.php?rest_route=\/wp\/v2\/posts\/2819\/revisions\/2822"}],"wp:attachment":[{"href":"https:\/\/test.ispas-ev.de\/index.php?rest_route=%2Fwp%2Fv2%2Fmedia&parent=2819"}],"wp:term":[{"taxonomy":"category","embeddable":true,"href":"https:\/\/test.ispas-ev.de\/index.php?rest_route=%2Fwp%2Fv2%2Fcategories&post=2819"},{"taxonomy":"post_tag","embeddable":true,"href":"https:\/\/test.ispas-ev.de\/index.php?rest_route=%2Fwp%2Fv2%2Ftags&post=2819"}],"curies":[{"name":"wp","href":"https:\/\/api.w.org\/{rel}","templated":true}]}}