{"id":2785,"date":"2014-05-07T19:28:23","date_gmt":"2014-05-07T18:28:23","guid":{"rendered":"http:\/\/www.ispas-ev.de\/?p=2785"},"modified":"2015-10-15T20:55:07","modified_gmt":"2015-10-15T19:55:07","slug":"strassenfest-vorbereitung","status":"publish","type":"post","link":"https:\/\/test.ispas-ev.de\/?p=2785","title":{"rendered":"Stra\u00dfenfest-Vorbereitung"},"content":{"rendered":"<p><span style=\"font-family: Arial,serif;\"><span style=\"font-size: medium;\">In eigener Sache haben wir eine Bitte an alle Mitglieder und Nichtmitglieder: Wir brauchen noch dringend <\/span><\/span><span style=\"font-family: Arial,serif;\"><span style=\"font-size: medium;\"><b>Helfer und Gastgeber<\/b><\/span><\/span><span style=\"font-family: Arial,serif;\"><span style=\"font-size: medium;\"> f\u00fcr das <\/span><\/span><span style=\"font-family: Arial,serif;\"><span style=\"font-size: medium;\"><b>Internationale Stra\u00dfenfest<\/b><\/span><\/span><span style=\"font-family: Arial,serif;\"><span style=\"font-size: medium;\"> vom 19.6. bis 22.6. zum Beispiel f\u00fcr den ISPAS-Stand und die ISPAS-Bar etc.<\/span><\/span><\/p>\n<p><span style=\"font-family: Arial,serif;\"><span style=\"font-size: medium;\">Information an\u00a0 Dorothea B\u00fchler unter <a href=\"mailto:info@ispas.de\">info@ispas.de<\/a> <\/span><\/span><\/p>\n","protected":false},"excerpt":{"rendered":"<p>In eigener Sache haben wir eine Bitte an alle Mitglieder und Nichtmitglieder: Wir brauchen noch dringend Helfer und Gastgeber f\u00fcr das Internationale Stra\u00dfenfest vom 19.6. bis 22.6. zum Beispiel f\u00fcr [&hellip;]<\/p>\n","protected":false},"author":2,"featured_media":0,"comment_status":"closed","ping_status":"closed","sticky":false,"template":"","format":"standard","meta":{"ngg_post_thumbnail":0},"categories":[37,27,31],"tags":[],"_links":{"self":[{"href":"https:\/\/test.ispas-ev.de\/index.php?rest_route=\/wp\/v2\/posts\/2785"}],"collection":[{"href":"https:\/\/test.ispas-ev.de\/index.php?rest_route=\/wp\/v2\/posts"}],"about":[{"href":"https:\/\/test.ispas-ev.de\/index.php?rest_route=\/wp\/v2\/types\/post"}],"author":[{"embeddable":true,"href":"https:\/\/test.ispas-ev.de\/index.php?rest_route=\/wp\/v2\/users\/2"}],"replies":[{"embeddable":true,"href":"https:\/\/test.ispas-ev.de\/index.php?rest_route=%2Fwp%2Fv2%2Fcomments&post=2785"}],"version-history":[{"count":2,"href":"https:\/\/test.ispas-ev.de\/index.php?rest_route=\/wp\/v2\/posts\/2785\/revisions"}],"predecessor-version":[{"id":2787,"href":"https:\/\/test.ispas-ev.de\/index.php?rest_route=\/wp\/v2\/posts\/2785\/revisions\/2787"}],"wp:attachment":[{"href":"https:\/\/test.ispas-ev.de\/index.php?rest_route=%2Fwp%2Fv2%2Fmedia&parent=2785"}],"wp:term":[{"taxonomy":"category","embeddable":true,"href":"https:\/\/test.ispas-ev.de\/index.php?rest_route=%2Fwp%2Fv2%2Fcategories&post=2785"},{"taxonomy":"post_tag","embeddable":true,"href":"https:\/\/test.ispas-ev.de\/index.php?rest_route=%2Fwp%2Fv2%2Ftags&post=2785"}],"curies":[{"name":"wp","href":"https:\/\/api.w.org\/{rel}","templated":true}]}}