{"id":2783,"date":"2014-05-07T19:26:47","date_gmt":"2014-05-07T18:26:47","guid":{"rendered":"http:\/\/www.ispas-ev.de\/?p=2783"},"modified":"2015-03-07T15:24:28","modified_gmt":"2015-03-07T14:24:28","slug":"deutsch-italienisches-freundschaftskonzert-mit-der-gruppe-tango-komplott-einladung","status":"publish","type":"post","link":"https:\/\/test.ispas-ev.de\/?p=2783","title":{"rendered":"Deutsch-Italienisches Freundschaftskonzert mit der Gruppe Tango Komplott \u2013 Einladung"},"content":{"rendered":"<p><span style=\"font-size: small; font-family: arial,helvetica,sans-serif;\"><b>6. Juni 2014, um 19.30<\/b><\/span><\/p>\n<p><span style=\"font-size: small; font-family: arial,helvetica,sans-serif;\">Der Verein Migration und Integration veranstaltet zusammen mit dem Kulturamt Sindelfingen, der Deutsch-Italienischen Gesellschaft Sindelfingen\/B\u00f6blingen und dem Italienischen Kulturinstitut Stuttgart ein Konzert mit Stehempfang und w\u00fcrde sich freuen, m\u00f6glichst viele ISPAS-Mitglieder willkommen zu hei\u00dfen.<\/span><\/p>\n<p><span style=\"font-size: small; font-family: arial,helvetica,sans-serif;\">\u201e<b>Stil \u2013 Leidenschaft \u2013 Perfektion\u201c<\/b> hei\u00dft das musikalische Konzept der Gruppe <b>Tango Komplott<\/b>, die sich seit dem Jahre 2003 dem Tango in all seinen Schattierungen verschrieben hat<\/span><\/p>\n<p><span style=\"font-size: small; font-family: arial,helvetica,sans-serif;\">Die Veranstaltung findet <b>am Freitag, 6. Juni 2014, um 19.30 im Odeon der <\/b><b>Musikschule Sindelfingen<\/b> statt. Der Unkostenbeitrag von 7 Euro\/Person kann auch als Spende \u00fcberwiesen werden, auf Wunsch wird eine Spendenbescheinigung ausgestellt. Information dazu: Roy Di Croce Tel: 0151- 11 66 86 64 oder E-Mail: roy [at] dicroce.de <\/span><\/p>\n","protected":false},"excerpt":{"rendered":"<p>6. Juni 2014, um 19.30 Der Verein Migration und Integration veranstaltet zusammen mit dem Kulturamt Sindelfingen, der Deutsch-Italienischen Gesellschaft Sindelfingen\/B\u00f6blingen und dem Italienischen Kulturinstitut Stuttgart ein Konzert mit Stehempfang und [&hellip;]<\/p>\n","protected":false},"author":2,"featured_media":0,"comment_status":"closed","ping_status":"closed","sticky":false,"template":"","format":"standard","meta":{"ngg_post_thumbnail":0},"categories":[37,17,24],"tags":[],"_links":{"self":[{"href":"https:\/\/test.ispas-ev.de\/index.php?rest_route=\/wp\/v2\/posts\/2783"}],"collection":[{"href":"https:\/\/test.ispas-ev.de\/index.php?rest_route=\/wp\/v2\/posts"}],"about":[{"href":"https:\/\/test.ispas-ev.de\/index.php?rest_route=\/wp\/v2\/types\/post"}],"author":[{"embeddable":true,"href":"https:\/\/test.ispas-ev.de\/index.php?rest_route=\/wp\/v2\/users\/2"}],"replies":[{"embeddable":true,"href":"https:\/\/test.ispas-ev.de\/index.php?rest_route=%2Fwp%2Fv2%2Fcomments&post=2783"}],"version-history":[{"count":1,"href":"https:\/\/test.ispas-ev.de\/index.php?rest_route=\/wp\/v2\/posts\/2783\/revisions"}],"predecessor-version":[{"id":2784,"href":"https:\/\/test.ispas-ev.de\/index.php?rest_route=\/wp\/v2\/posts\/2783\/revisions\/2784"}],"wp:attachment":[{"href":"https:\/\/test.ispas-ev.de\/index.php?rest_route=%2Fwp%2Fv2%2Fmedia&parent=2783"}],"wp:term":[{"taxonomy":"category","embeddable":true,"href":"https:\/\/test.ispas-ev.de\/index.php?rest_route=%2Fwp%2Fv2%2Fcategories&post=2783"},{"taxonomy":"post_tag","embeddable":true,"href":"https:\/\/test.ispas-ev.de\/index.php?rest_route=%2Fwp%2Fv2%2Ftags&post=2783"}],"curies":[{"name":"wp","href":"https:\/\/api.w.org\/{rel}","templated":true}]}}