{"id":2773,"date":"2014-05-06T19:40:15","date_gmt":"2014-05-06T18:40:15","guid":{"rendered":"http:\/\/www.ispas-ev.de\/?p=2773"},"modified":"2015-03-07T15:27:48","modified_gmt":"2015-03-07T14:27:48","slug":"staffellauf-sondrio-sindelfingen-2013-in-bild-und-ton","status":"publish","type":"post","link":"https:\/\/test.ispas-ev.de\/?p=2773","title":{"rendered":"Staffellauf Sondrio-Sindelfingen 2013 in Bild und Ton &#8211; Einladung"},"content":{"rendered":"<p><span style=\"font-family: arial,helvetica,sans-serif; font-size: small;\"><b>Premiere am Samstag, 17. Mai 2014<\/b><\/span><\/p>\n<p><a href=\"http:\/\/www.ispas-ev.de\/wp-content\/uploads\/2014\/05\/Sondrio-Sindelfingen-2013-0316-1.jpg\"><img decoding=\"async\" loading=\"lazy\" class=\"alignright  wp-image-2776\" alt=\"Sondrio-Sindelfingen 2013 0316-1\" src=\"http:\/\/www.ispas-ev.de\/wp-content\/uploads\/2014\/05\/Sondrio-Sindelfingen-2013-0316-1-300x225.jpg\" width=\"218\" height=\"163\" srcset=\"https:\/\/test.ispas-ev.de\/wp-content\/uploads\/2014\/05\/Sondrio-Sindelfingen-2013-0316-1-300x225.jpg 300w, https:\/\/test.ispas-ev.de\/wp-content\/uploads\/2014\/05\/Sondrio-Sindelfingen-2013-0316-1.jpg 1000w\" sizes=\"(max-width: 218px) 100vw, 218px\" \/><\/a><span style=\"font-family: arial,helvetica,sans-serif; font-size: small;\">L\u00e4uferinnen und L\u00e4ufer aus unserer Partnerstadt Sondrio und aus Sindelfingen haben gemeinsam in drei Tagen \u00fcber 550 Kilometer zur\u00fcckgelegt.<\/span><\/p>\n<p><span style=\"font-family: arial,helvetica,sans-serif; font-size: small;\">Der Film- und Videoclub Sindelfingen hat den Lauf 2013 von Anfang an begleitet und im Film festgehalten. Beeindruckende Aufnahmen in hervorragender Qualit\u00e4t zeichnen diesen Film aus.<\/span><\/p>\n<p><span style=\"font-family: arial,helvetica,sans-serif; font-size: small;\">Zu sehen ist der Film am Samstag, 17. Mai, um 19.30 Uhr im Vortragssaal des Stiftsgymnasiums, B\u00f6blinger Stra\u00dfe 24. <\/span><\/p>\n<p><span style=\"font-family: arial,helvetica,sans-serif; font-size: small;\">Der Eintritt ist frei.<\/span><\/p>\n","protected":false},"excerpt":{"rendered":"<p>Premiere am Samstag, 17. Mai 2014 L\u00e4uferinnen und L\u00e4ufer aus unserer Partnerstadt Sondrio und aus Sindelfingen haben gemeinsam in drei Tagen \u00fcber 550 Kilometer zur\u00fcckgelegt. Der Film- und Videoclub Sindelfingen [&hellip;]<\/p>\n","protected":false},"author":2,"featured_media":0,"comment_status":"closed","ping_status":"closed","sticky":false,"template":"","format":"standard","meta":{"ngg_post_thumbnail":0},"categories":[37,17,24],"tags":[],"_links":{"self":[{"href":"https:\/\/test.ispas-ev.de\/index.php?rest_route=\/wp\/v2\/posts\/2773"}],"collection":[{"href":"https:\/\/test.ispas-ev.de\/index.php?rest_route=\/wp\/v2\/posts"}],"about":[{"href":"https:\/\/test.ispas-ev.de\/index.php?rest_route=\/wp\/v2\/types\/post"}],"author":[{"embeddable":true,"href":"https:\/\/test.ispas-ev.de\/index.php?rest_route=\/wp\/v2\/users\/2"}],"replies":[{"embeddable":true,"href":"https:\/\/test.ispas-ev.de\/index.php?rest_route=%2Fwp%2Fv2%2Fcomments&post=2773"}],"version-history":[{"count":6,"href":"https:\/\/test.ispas-ev.de\/index.php?rest_route=\/wp\/v2\/posts\/2773\/revisions"}],"predecessor-version":[{"id":2782,"href":"https:\/\/test.ispas-ev.de\/index.php?rest_route=\/wp\/v2\/posts\/2773\/revisions\/2782"}],"wp:attachment":[{"href":"https:\/\/test.ispas-ev.de\/index.php?rest_route=%2Fwp%2Fv2%2Fmedia&parent=2773"}],"wp:term":[{"taxonomy":"category","embeddable":true,"href":"https:\/\/test.ispas-ev.de\/index.php?rest_route=%2Fwp%2Fv2%2Fcategories&post=2773"},{"taxonomy":"post_tag","embeddable":true,"href":"https:\/\/test.ispas-ev.de\/index.php?rest_route=%2Fwp%2Fv2%2Ftags&post=2773"}],"curies":[{"name":"wp","href":"https:\/\/api.w.org\/{rel}","templated":true}]}}