{"id":2683,"date":"2014-03-28T23:29:56","date_gmt":"2014-03-28T22:29:56","guid":{"rendered":"http:\/\/www.ispas-ev.de\/?p=2683"},"modified":"2015-03-07T15:25:29","modified_gmt":"2015-03-07T14:25:29","slug":"buergerfahrten","status":"publish","type":"post","link":"https:\/\/test.ispas-ev.de\/?p=2683","title":{"rendered":"B\u00fcrgerfahrten"},"content":{"rendered":"<p><span style=\"font-size: small; font-family: arial,helvetica,sans-serif;\">ISPAS f\u00fchrt seit vielen Jahren B\u00fcrgerfahrten durch, die gerne in Anspruch genommen werden. Deshalb ist leider die B\u00fcrgerfahrt nach <strong>Dronfield<\/strong> im Mai vollst\u00e4ndig ausgebucht. In Kontakt treten mit den B\u00fcrgern von Dronfield k\u00f6nnen Sie jedoch jederzeit gerne als Gastgeber oder Helfer bei dem <strong>Gegenbesuch<\/strong> vom <strong>19. bis 23. September<\/strong>.<\/span><\/p>\n<p><span style=\"font-size: small; font-family: arial,helvetica,sans-serif;\">Die Betriebssportgruppe Rad der Stadt Sindelfingen trifft am Donnerstag, <strong>24.7.<\/strong>, in <strong>Gy\u00f6r<\/strong> ein und trifft sich dort mit einer \u201e<strong>kleinen B\u00fcrgerfahrt<\/strong>\u201c\u00a0 zum Abendessen. Am 25.7. gibt es ein gemeinsames Programm mit den Radlern inklusive Stadtf\u00fchrung, der Samstag, 26.7., ist zur freien Verf\u00fcgung und die Heimreise per Bahn und ohne die Radler ist f\u00fcr Sonntag, den 27.7. geplant. <\/span><\/p>\n","protected":false},"excerpt":{"rendered":"<p>ISPAS f\u00fchrt seit vielen Jahren B\u00fcrgerfahrten durch, die gerne in Anspruch genommen werden. Deshalb ist leider die B\u00fcrgerfahrt nach Dronfield im Mai vollst\u00e4ndig ausgebucht. In Kontakt treten mit den B\u00fcrgern [&hellip;]<\/p>\n","protected":false},"author":2,"featured_media":0,"comment_status":"closed","ping_status":"closed","sticky":false,"template":"","format":"standard","meta":{"ngg_post_thumbnail":0},"categories":[37,22,28,17,31],"tags":[],"_links":{"self":[{"href":"https:\/\/test.ispas-ev.de\/index.php?rest_route=\/wp\/v2\/posts\/2683"}],"collection":[{"href":"https:\/\/test.ispas-ev.de\/index.php?rest_route=\/wp\/v2\/posts"}],"about":[{"href":"https:\/\/test.ispas-ev.de\/index.php?rest_route=\/wp\/v2\/types\/post"}],"author":[{"embeddable":true,"href":"https:\/\/test.ispas-ev.de\/index.php?rest_route=\/wp\/v2\/users\/2"}],"replies":[{"embeddable":true,"href":"https:\/\/test.ispas-ev.de\/index.php?rest_route=%2Fwp%2Fv2%2Fcomments&post=2683"}],"version-history":[{"count":5,"href":"https:\/\/test.ispas-ev.de\/index.php?rest_route=\/wp\/v2\/posts\/2683\/revisions"}],"predecessor-version":[{"id":2707,"href":"https:\/\/test.ispas-ev.de\/index.php?rest_route=\/wp\/v2\/posts\/2683\/revisions\/2707"}],"wp:attachment":[{"href":"https:\/\/test.ispas-ev.de\/index.php?rest_route=%2Fwp%2Fv2%2Fmedia&parent=2683"}],"wp:term":[{"taxonomy":"category","embeddable":true,"href":"https:\/\/test.ispas-ev.de\/index.php?rest_route=%2Fwp%2Fv2%2Fcategories&post=2683"},{"taxonomy":"post_tag","embeddable":true,"href":"https:\/\/test.ispas-ev.de\/index.php?rest_route=%2Fwp%2Fv2%2Ftags&post=2683"}],"curies":[{"name":"wp","href":"https:\/\/api.w.org\/{rel}","templated":true}]}}