{"id":2679,"date":"2014-03-28T23:29:46","date_gmt":"2014-03-28T22:29:46","guid":{"rendered":"http:\/\/www.ispas-ev.de\/?p=2679"},"modified":"2015-03-07T15:25:42","modified_gmt":"2015-03-07T14:25:42","slug":"jahreshauptversammlung-2014-rueckschau","status":"publish","type":"post","link":"https:\/\/test.ispas-ev.de\/?p=2679","title":{"rendered":"Jahreshauptversammlung 2014 &#8211; R\u00fcckschau"},"content":{"rendered":"<p><span style=\"font-size: small; font-family: arial,helvetica,sans-serif;\"><strong>21.2.2014<\/strong><\/span><\/p>\n<p><span style=\"font-size: small; font-family: arial,helvetica,sans-serif;\">Die 18. Jahreshauptversammlung der Initiative St\u00e4dtepartnerschaften Sindelfingen (ISPAS e.V.) begann wie immer mit einem kulturellen Highlight. Dieses Mal mit einer F\u00fchrung durch die aktuelle Ausstellung\u00a0 der Galerie der Stadt Sindelfingen mit dem Titel \u201eDas Unangreifbare war noch nie so meins\u201c. Kompetent und sehr informativ erkl\u00e4rte Galerieleiter Otto Pannewitz die \u00fcberraschend haptisch ausgerichtete Umsetzung des Titels der Bildhauerklasse von Prof. Susanne Windelen. Sehr interessant und bemerkenswert die Ideen der jungen Leute.<\/span><\/p>\n<p><span style=\"font-size: small; font-family: arial,helvetica,sans-serif;\">Im Oberlichtsaal der Galerie fand anschlie\u00dfend die ordentliche Mitgliederversammlung statt. Nach den Berichten der vielf\u00e4ltigen Aktivit\u00e4ten aus und mit den Partnerst\u00e4dten mussten leider einige engagierte Sprecher verabschiedet werden. Die mit viel Beifall, Dank und einem kleinen Pr\u00e4sent bedachten ausscheidenden Vorstandsmitglieder sind Andrea Abendroth (Torgau), Dietrich Jung (Corbeil-Essonnes), Jolante Kryut (Chelm), Walter Leimenstoll (Sondrio) und Kerstin Trefz (Dronfield). <\/span><\/p>\n<p><span style=\"font-size: small; font-family: arial,helvetica,sans-serif;\">Bei den anschlie\u00dfenden Neuwahlen wurden einstimmig als Sprecher\/-innen f\u00fcr die einzelnen Partnerst\u00e4dte gew\u00e4hlt:<br \/>\nCorbeil-Essonnes: Christian Stepper, Sabine Liedtke (Stellv.)<br \/>\nChelm: Hildegard Stein, Dorothea B\u00fchler (Stellv.)<br \/>\nDronfield: Dagmar B\u00f6hm, Ute Walker (Stellv.)<br \/>\nGy\u00f6r: Claudia Giricz, R\u00e8ka Sz\u00f6cs (Stellv.)<br \/>\nSchaffhausen: Brigitte Stegmaier, Gudrun Stauffer (Stellv.)<br \/>\nSondrio: Italia Frazzetta, Dr. Gudrun Kemmerling (Stellv.)<br \/>\nTorgau: Alexandra Keller, Axel Finkelnburg (Stellv.)<\/span><\/p>\n<p><span style=\"font-size: small; font-family: arial,helvetica,sans-serif;\">Erste Vorsitzende des Vereins bleibt Dorothea B\u00fchler. Ihr zur Seite stehen Brigitte Stegmaier (1. Stellv.) und Gerhard B\u00f6hm (2. Stellv.). Ebenfalls wiedergew\u00e4hlt wurden Wolfgang Trefz als Kassenwart, die Kassenpr\u00fcfer Uli Fritz und Hermann Dullweber sowie Klaus Laws als Schriftf\u00fchrer. Pressesprecherin und zust\u00e4ndig f\u00fcr die Mitgliederbetreuung wird zuk\u00fcnftig Uschi Steinh\u00fcbl sein.<br \/>\n<\/span><\/p>\n","protected":false},"excerpt":{"rendered":"<p>21.2.2014 Die 18. Jahreshauptversammlung der Initiative St\u00e4dtepartnerschaften Sindelfingen (ISPAS e.V.) begann wie immer mit einem kulturellen Highlight. Dieses Mal mit einer F\u00fchrung durch die aktuelle Ausstellung\u00a0 der Galerie der Stadt [&hellip;]<\/p>\n","protected":false},"author":2,"featured_media":0,"comment_status":"closed","ping_status":"closed","sticky":false,"template":"","format":"standard","meta":{"ngg_post_thumbnail":0},"categories":[37,17,31],"tags":[],"_links":{"self":[{"href":"https:\/\/test.ispas-ev.de\/index.php?rest_route=\/wp\/v2\/posts\/2679"}],"collection":[{"href":"https:\/\/test.ispas-ev.de\/index.php?rest_route=\/wp\/v2\/posts"}],"about":[{"href":"https:\/\/test.ispas-ev.de\/index.php?rest_route=\/wp\/v2\/types\/post"}],"author":[{"embeddable":true,"href":"https:\/\/test.ispas-ev.de\/index.php?rest_route=\/wp\/v2\/users\/2"}],"replies":[{"embeddable":true,"href":"https:\/\/test.ispas-ev.de\/index.php?rest_route=%2Fwp%2Fv2%2Fcomments&post=2679"}],"version-history":[{"count":6,"href":"https:\/\/test.ispas-ev.de\/index.php?rest_route=\/wp\/v2\/posts\/2679\/revisions"}],"predecessor-version":[{"id":2690,"href":"https:\/\/test.ispas-ev.de\/index.php?rest_route=\/wp\/v2\/posts\/2679\/revisions\/2690"}],"wp:attachment":[{"href":"https:\/\/test.ispas-ev.de\/index.php?rest_route=%2Fwp%2Fv2%2Fmedia&parent=2679"}],"wp:term":[{"taxonomy":"category","embeddable":true,"href":"https:\/\/test.ispas-ev.de\/index.php?rest_route=%2Fwp%2Fv2%2Fcategories&post=2679"},{"taxonomy":"post_tag","embeddable":true,"href":"https:\/\/test.ispas-ev.de\/index.php?rest_route=%2Fwp%2Fv2%2Ftags&post=2679"}],"curies":[{"name":"wp","href":"https:\/\/api.w.org\/{rel}","templated":true}]}}