{"id":2641,"date":"2014-02-28T19:13:11","date_gmt":"2014-02-28T18:13:11","guid":{"rendered":"http:\/\/www.ispas-ev.de\/?p=2641"},"modified":"2014-09-21T19:12:10","modified_gmt":"2014-09-21T18:12:10","slug":"kurztrip-nach-gyoer-25-jahre-partnerschaft","status":"publish","type":"post","link":"https:\/\/test.ispas-ev.de\/?p=2641","title":{"rendered":"Kurztrip nach Gy\u00f6r &#8211; 25 Jahre Partnerschaft"},"content":{"rendered":"<p><span style=\"font-size: small;\"><strong><span style=\"font-family: arial,helvetica,sans-serif;\">24.7. &#8211; 27.7.<\/span><\/strong><\/span><\/p>\n<p><span style=\"font-family: arial,helvetica,sans-serif; font-size: small;\">Im Juli j\u00e4hrt sich der Partnerschaftsvertrag zwischen den St\u00e4dten Gy\u0151r und Sindelfingen zum 25. Mal. <\/span><\/p>\n<p><span style=\"font-family: arial,helvetica,sans-serif; font-size: small;\">Das nehmen wir zum Anlass zu einem lohnenden Kurztrip in die Partnerstadt.<\/span><\/p>\n<p><span style=\"font-family: arial,helvetica,sans-serif; font-size: small;\"> N\u00e4here Informationen hierzu finden Sie <a href=\"http:\/\/www.ispas-ev.de\/wp-content\/uploads\/2011\/07\/140301ISPASGyoer2014.pdf\">hier<\/a><a href=\"http:\/\/www.ispas-ev.de\/wp-content\/uploads\/2014\/03\/ISPASGy\u00f6r2014.pdf\">.<\/a> Bitte melden Sie sich bis zum 28.3.2014 an.<\/span><\/p>\n<p><span style=\"font-family: arial,helvetica,sans-serif; font-size: small;\">Anmeldung und weitere Infos bei <a href=\"mailto:info@ispas-ev.de\">Dorothea B\u00fchler<\/a><\/span><\/p>\n","protected":false},"excerpt":{"rendered":"<p>24.7. &#8211; 27.7. Im Juli j\u00e4hrt sich der Partnerschaftsvertrag zwischen den St\u00e4dten Gy\u0151r und Sindelfingen zum 25. Mal. Das nehmen wir zum Anlass zu einem lohnenden Kurztrip in die Partnerstadt. [&hellip;]<\/p>\n","protected":false},"author":2,"featured_media":0,"comment_status":"closed","ping_status":"closed","sticky":false,"template":"","format":"standard","meta":{"ngg_post_thumbnail":0},"categories":[37,28,17],"tags":[],"_links":{"self":[{"href":"https:\/\/test.ispas-ev.de\/index.php?rest_route=\/wp\/v2\/posts\/2641"}],"collection":[{"href":"https:\/\/test.ispas-ev.de\/index.php?rest_route=\/wp\/v2\/posts"}],"about":[{"href":"https:\/\/test.ispas-ev.de\/index.php?rest_route=\/wp\/v2\/types\/post"}],"author":[{"embeddable":true,"href":"https:\/\/test.ispas-ev.de\/index.php?rest_route=\/wp\/v2\/users\/2"}],"replies":[{"embeddable":true,"href":"https:\/\/test.ispas-ev.de\/index.php?rest_route=%2Fwp%2Fv2%2Fcomments&post=2641"}],"version-history":[{"count":12,"href":"https:\/\/test.ispas-ev.de\/index.php?rest_route=\/wp\/v2\/posts\/2641\/revisions"}],"predecessor-version":[{"id":2833,"href":"https:\/\/test.ispas-ev.de\/index.php?rest_route=\/wp\/v2\/posts\/2641\/revisions\/2833"}],"wp:attachment":[{"href":"https:\/\/test.ispas-ev.de\/index.php?rest_route=%2Fwp%2Fv2%2Fmedia&parent=2641"}],"wp:term":[{"taxonomy":"category","embeddable":true,"href":"https:\/\/test.ispas-ev.de\/index.php?rest_route=%2Fwp%2Fv2%2Fcategories&post=2641"},{"taxonomy":"post_tag","embeddable":true,"href":"https:\/\/test.ispas-ev.de\/index.php?rest_route=%2Fwp%2Fv2%2Ftags&post=2641"}],"curies":[{"name":"wp","href":"https:\/\/api.w.org\/{rel}","templated":true}]}}