{"id":2564,"date":"2013-09-25T20:59:34","date_gmt":"2013-09-25T19:59:34","guid":{"rendered":"http:\/\/www.ispas-ev.de\/?p=2564"},"modified":"2014-03-28T23:25:02","modified_gmt":"2014-03-28T22:25:02","slug":"franzoesische-wochen-in-sindelfingen-vernissage","status":"publish","type":"post","link":"https:\/\/test.ispas-ev.de\/?p=2564","title":{"rendered":"Franz\u00f6sische Wochen in Sindelfingen: Vernissage"},"content":{"rendered":"<p><strong><span style=\"font-size: small; font-family: arial,helvetica,sans-serif;\">17. Oktober um 18:30 Uhr im Foyer des Rathauses Sindelfingen<\/span><\/strong><\/p>\n<p><span style=\"font-size: small; font-family: arial,helvetica,sans-serif;\">Im Rahmen der Franz\u00f6sischen Wochen im Gro\u00dfraum Stuttgart und T\u00fcbingen organisieren die Stadt Sindelfingen und die Stadt Corbeil-Essonnes einen Comic-Workshop f\u00fcr Jugendliche beider St\u00e4dte. Hier finden Sie die <a href=\"http:\/\/www.ispas-ev.de\/wp-content\/uploads\/2013\/09\/Invitation-vernissage-version-allemand-1.pdf\">Einladung <\/a>zur Vernissage der Ausstellungen<\/span>.<\/p>\n<p><span style=\"font-family: arial,helvetica,sans-serif; font-size: small;\"> Die Beteiligten freuen sich auf m\u00f6glichst viele Besucher.<br \/>\n<\/span><\/p>\n","protected":false},"excerpt":{"rendered":"<p>17. Oktober um 18:30 Uhr im Foyer des Rathauses Sindelfingen Im Rahmen der Franz\u00f6sischen Wochen im Gro\u00dfraum Stuttgart und T\u00fcbingen organisieren die Stadt Sindelfingen und die Stadt Corbeil-Essonnes einen Comic-Workshop [&hellip;]<\/p>\n","protected":false},"author":2,"featured_media":0,"comment_status":"closed","ping_status":"closed","sticky":false,"template":"","format":"standard","meta":{"ngg_post_thumbnail":0},"categories":[34,17],"tags":[],"_links":{"self":[{"href":"https:\/\/test.ispas-ev.de\/index.php?rest_route=\/wp\/v2\/posts\/2564"}],"collection":[{"href":"https:\/\/test.ispas-ev.de\/index.php?rest_route=\/wp\/v2\/posts"}],"about":[{"href":"https:\/\/test.ispas-ev.de\/index.php?rest_route=\/wp\/v2\/types\/post"}],"author":[{"embeddable":true,"href":"https:\/\/test.ispas-ev.de\/index.php?rest_route=\/wp\/v2\/users\/2"}],"replies":[{"embeddable":true,"href":"https:\/\/test.ispas-ev.de\/index.php?rest_route=%2Fwp%2Fv2%2Fcomments&post=2564"}],"version-history":[{"count":3,"href":"https:\/\/test.ispas-ev.de\/index.php?rest_route=\/wp\/v2\/posts\/2564\/revisions"}],"predecessor-version":[{"id":2570,"href":"https:\/\/test.ispas-ev.de\/index.php?rest_route=\/wp\/v2\/posts\/2564\/revisions\/2570"}],"wp:attachment":[{"href":"https:\/\/test.ispas-ev.de\/index.php?rest_route=%2Fwp%2Fv2%2Fmedia&parent=2564"}],"wp:term":[{"taxonomy":"category","embeddable":true,"href":"https:\/\/test.ispas-ev.de\/index.php?rest_route=%2Fwp%2Fv2%2Fcategories&post=2564"},{"taxonomy":"post_tag","embeddable":true,"href":"https:\/\/test.ispas-ev.de\/index.php?rest_route=%2Fwp%2Fv2%2Ftags&post=2564"}],"curies":[{"name":"wp","href":"https:\/\/api.w.org\/{rel}","templated":true}]}}