{"id":2537,"date":"2013-07-14T15:13:44","date_gmt":"2013-07-14T14:13:44","guid":{"rendered":"http:\/\/www.ispas-ev.de\/?p=2537"},"modified":"2014-03-28T23:24:11","modified_gmt":"2014-03-28T22:24:11","slug":"anfrage-unterbringung-fur-praktikum","status":"publish","type":"post","link":"https:\/\/test.ispas-ev.de\/?p=2537","title":{"rendered":"Anfrage Unterbringung f\u00fcr Praktikum"},"content":{"rendered":"<p><strong><span style=\"font-size: small; font-family: arial,helvetica,sans-serif;\">4.7.2013<\/span><\/strong><\/p>\n<p><span style=\"font-size: small; font-family: arial,helvetica,sans-serif;\">Sehr geehrte Damen und Herren, <\/span><\/p>\n<p><span style=\"font-size: small; font-family: arial,helvetica,sans-serif;\">meine Name ist Simon Platz, ich bin Franzose und ich werde ein Praktikum (von 5 Monaten) im Rahmen meine Studien bei Daimler AG in Sindelfingen machen. Ich suche eine Unterbringung f\u00fcr das Praktikum bei Daimler AG. Ich suche eine deutsche Familie oder eine Kollokation mit einer Person, die flie\u00dfend Deutsch sprechen kann, denn ich m\u00f6chte so schnell wie m\u00f6glich mein Deutsch verbessern. Wissen Sie jemand, das ich kontaktieren k\u00f6nnte, oder vielleicht eine deutsche Website f\u00fcr diese Suche? Ich danke Ihnen f\u00fcr Ihre Hilfe. Mit freundlichen Gr\u00fc\u00dfen, Simon Platz. &#8212; Simon PLATZ Student in Business Engineering at ESTA Belfort <\/span><\/p>\n<p><span style=\"font-size: small; font-family: arial,helvetica,sans-serif;\">\u00a0<\/span><\/p>\n","protected":false},"excerpt":{"rendered":"<p>4.7.2013 Sehr geehrte Damen und Herren, meine Name ist Simon Platz, ich bin Franzose und ich werde ein Praktikum (von 5 Monaten) im Rahmen meine Studien bei Daimler AG in [&hellip;]<\/p>\n","protected":false},"author":2,"featured_media":0,"comment_status":"closed","ping_status":"closed","sticky":false,"template":"","format":"standard","meta":{"ngg_post_thumbnail":0},"categories":[34],"tags":[],"_links":{"self":[{"href":"https:\/\/test.ispas-ev.de\/index.php?rest_route=\/wp\/v2\/posts\/2537"}],"collection":[{"href":"https:\/\/test.ispas-ev.de\/index.php?rest_route=\/wp\/v2\/posts"}],"about":[{"href":"https:\/\/test.ispas-ev.de\/index.php?rest_route=\/wp\/v2\/types\/post"}],"author":[{"embeddable":true,"href":"https:\/\/test.ispas-ev.de\/index.php?rest_route=\/wp\/v2\/users\/2"}],"replies":[{"embeddable":true,"href":"https:\/\/test.ispas-ev.de\/index.php?rest_route=%2Fwp%2Fv2%2Fcomments&post=2537"}],"version-history":[{"count":5,"href":"https:\/\/test.ispas-ev.de\/index.php?rest_route=\/wp\/v2\/posts\/2537\/revisions"}],"predecessor-version":[{"id":2566,"href":"https:\/\/test.ispas-ev.de\/index.php?rest_route=\/wp\/v2\/posts\/2537\/revisions\/2566"}],"wp:attachment":[{"href":"https:\/\/test.ispas-ev.de\/index.php?rest_route=%2Fwp%2Fv2%2Fmedia&parent=2537"}],"wp:term":[{"taxonomy":"category","embeddable":true,"href":"https:\/\/test.ispas-ev.de\/index.php?rest_route=%2Fwp%2Fv2%2Fcategories&post=2537"},{"taxonomy":"post_tag","embeddable":true,"href":"https:\/\/test.ispas-ev.de\/index.php?rest_route=%2Fwp%2Fv2%2Ftags&post=2537"}],"curies":[{"name":"wp","href":"https:\/\/api.w.org\/{rel}","templated":true}]}}