{"id":2441,"date":"2013-04-25T21:52:44","date_gmt":"2013-04-25T20:52:44","guid":{"rendered":"http:\/\/www.ispas-ev.de\/?p=2441"},"modified":"2013-09-25T21:22:10","modified_gmt":"2013-09-25T20:22:10","slug":"staffellauf-zu-750-jahre-sindelfingen","status":"publish","type":"post","link":"https:\/\/test.ispas-ev.de\/?p=2441","title":{"rendered":"Staffellauf zu 750 Jahre Sindelfingen"},"content":{"rendered":"<p><strong><span style=\"font-size: small; font-family: arial,helvetica,sans-serif;\">12. &#8211; 14. Juni<\/span><\/strong><\/p>\n<p><span style=\"font-size: small; font-family: arial,helvetica,sans-serif;\">Wie die SZ\/BZ schreibt, werden dieses Jahr Staffell\u00e4ufer aus Sondiro und Schaffhausen nach Sindelfingen kommen. Motto: &#8222;750 L\u00e4ufer im Zieleinlauf in Sindelfingen zum Stra\u00dfenfest im Jahr des Stadtjubil\u00e4ums&#8220;.<br \/>\nN\u00e4heres finden Sie <a href=\"http:\/\/www.ispas-ev.de\/wp-content\/uploads\/2012\/02\/130423Staffellauf-aus-den-Partnerst\u00e4dten.pdf\">hier<\/a>.<\/span><\/p>\n","protected":false},"excerpt":{"rendered":"<p>12. &#8211; 14. Juni Wie die SZ\/BZ schreibt, werden dieses Jahr Staffell\u00e4ufer aus Sondiro und Schaffhausen nach Sindelfingen kommen. Motto: &#8222;750 L\u00e4ufer im Zieleinlauf in Sindelfingen zum Stra\u00dfenfest im Jahr [&hellip;]<\/p>\n","protected":false},"author":2,"featured_media":0,"comment_status":"closed","ping_status":"closed","sticky":false,"template":"","format":"standard","meta":{"ngg_post_thumbnail":0},"categories":[34,17,19,24],"tags":[],"_links":{"self":[{"href":"https:\/\/test.ispas-ev.de\/index.php?rest_route=\/wp\/v2\/posts\/2441"}],"collection":[{"href":"https:\/\/test.ispas-ev.de\/index.php?rest_route=\/wp\/v2\/posts"}],"about":[{"href":"https:\/\/test.ispas-ev.de\/index.php?rest_route=\/wp\/v2\/types\/post"}],"author":[{"embeddable":true,"href":"https:\/\/test.ispas-ev.de\/index.php?rest_route=\/wp\/v2\/users\/2"}],"replies":[{"embeddable":true,"href":"https:\/\/test.ispas-ev.de\/index.php?rest_route=%2Fwp%2Fv2%2Fcomments&post=2441"}],"version-history":[{"count":9,"href":"https:\/\/test.ispas-ev.de\/index.php?rest_route=\/wp\/v2\/posts\/2441\/revisions"}],"predecessor-version":[{"id":2572,"href":"https:\/\/test.ispas-ev.de\/index.php?rest_route=\/wp\/v2\/posts\/2441\/revisions\/2572"}],"wp:attachment":[{"href":"https:\/\/test.ispas-ev.de\/index.php?rest_route=%2Fwp%2Fv2%2Fmedia&parent=2441"}],"wp:term":[{"taxonomy":"category","embeddable":true,"href":"https:\/\/test.ispas-ev.de\/index.php?rest_route=%2Fwp%2Fv2%2Fcategories&post=2441"},{"taxonomy":"post_tag","embeddable":true,"href":"https:\/\/test.ispas-ev.de\/index.php?rest_route=%2Fwp%2Fv2%2Ftags&post=2441"}],"curies":[{"name":"wp","href":"https:\/\/api.w.org\/{rel}","templated":true}]}}