{"id":2430,"date":"2013-04-18T19:14:01","date_gmt":"2013-04-18T18:14:01","guid":{"rendered":"http:\/\/www.ispas-ev.de\/?p=2430"},"modified":"2013-09-25T21:15:36","modified_gmt":"2013-09-25T20:15:36","slug":"dankeswort-aus-gyor-zu-heimat-ist-in-europa","status":"publish","type":"post","link":"https:\/\/test.ispas-ev.de\/?p=2430","title":{"rendered":"Dankeswort aus Gy\u0151r zu &#8222;Heimat ist &#8230; in Europa&#8220;"},"content":{"rendered":"<p><span style=\"font-size: small;\"><strong><span style=\"font-family: Arial,sans-serif;\">Home is \u2026 in Europe <\/span><\/strong><span style=\"font-family: Arial,sans-serif;\"><br \/>\n<\/span><strong><span style=\"font-family: Arial,sans-serif;\">Jugend in Aktion<\/span><\/strong><\/span><\/p>\n<p><span style=\"font-family: Arial,sans-serif; font-size: small;\">Ich m\u00f6chte mich im Namen unserer Schule, der Gy\u0151rer Tanz- und Bildenden Kunstschule, aus Ungarn, sehr sch\u00f6n bedanken, dass wir die M\u00f6glichkeit hatten mit sieben Kindern an diesem Projekt teilzunehmen.<\/span><\/p>\n<p><span style=\"font-family: Arial,sans-serif; font-size: small;\">Die Organisatoren, Frau B\u00fchler, Frau Heber-Knobloch und Frau Florina Retzbach haben es m\u00f6glich gemacht, dass diese dort verbrachte Woche f\u00fcr die Sch\u00fcler ein Erlebnis f\u00fcr das ganze Leben bleibt. Die wundersame Wirkung des Team-Works konnten wir in den Choreographien von Arsenij Lifschitz, Nina Kurzeja und Adrian Turner erleben. Eine andere Art Gef\u00fchle zu vermitteln, durch die Sprache der Bewegung. Die Heimat, als Mittelpunkt der entstandenen Choreographien, ist sehr gut zum Ausdruck gekommen.Trotz der sprachlichen Schwierigkeiten am Anfang war das ein Erlebnis f\u00fcr alle Teilnehmer der verschiedenen L\u00e4nder. Die neu entstandenen Freundschaften haben auch dazu beigetragen, dass die Kinder sich wie zu Hause f\u00fchlten.<\/span><\/p>\n<p><span style=\"font-family: Arial,sans-serif; font-size: small;\">Tobias Knobloch, der Leiter der Gruppe, mit dem die bildende Kunstsch\u00fcler ihre Comics gestaltet haben, hat den Anwesenden neue und interessante Arbeitsmethoden beigebracht. Die entstandenen Werke haben gezeigt, dass Europa, trotz der vielen Sprachen, ein Ganzes ist, wo sich jeder zu Hause f\u00fchlen kann, und die Kunst, die in diesem Projekt vertreten wurde, schildert wirklich die W\u00e4rme der Heimat f\u00fcr alle, die da leben.<\/span><\/p>\n<p><span style=\"font-family: Arial,sans-serif; font-size: small;\">Ich m\u00f6chte auch der Stadt Sindelfingen unseren Dank aussprechen, den Einwohnern, die mitgemacht haben und es duldeten, dass sie gest\u00f6rt wurden.<\/span><\/p>\n<p><span style=\"font-family: Arial,sans-serif; font-size: small;\">Eine wichtige Rolle spielten die Gasteltern in diesem Projekt, die ihre Wohnung den Jugendlichen zur Verf\u00fcgung gestellt haben, und ihnen auch Fr\u00fchst\u00fcck angeboten haben, sie immer zur Schule und zur Wohnung kutschiert haben, und die Unannehmlichkeiten toleriert haben. Nochmals vielen Dank.<\/span><\/p>\n<p><span style=\"font-family: Arial,sans-serif; font-size: small;\">Sindelfingen bleibt in unserem Herz, nie werden wir die Stadt vergessen, wo wir eine Woche verbrachten, die unsere Weltanschauung \u00e4nderte, wo wir auch Deutschland zu preisen lernten.<\/span><\/p>\n<p><span style=\"font-family: Arial,sans-serif; font-size: small;\">Frau Marika S\u00e1ringer<br \/>\nGy\u0151r, Ungarn<\/span><\/p>\n","protected":false},"excerpt":{"rendered":"<p>Home is \u2026 in Europe Jugend in Aktion Ich m\u00f6chte mich im Namen unserer Schule, der Gy\u0151rer Tanz- und Bildenden Kunstschule, aus Ungarn, sehr sch\u00f6n bedanken, dass wir die M\u00f6glichkeit [&hellip;]<\/p>\n","protected":false},"author":2,"featured_media":0,"comment_status":"closed","ping_status":"closed","sticky":false,"template":"","format":"standard","meta":{"ngg_post_thumbnail":0},"categories":[34,28,26,17],"tags":[],"_links":{"self":[{"href":"https:\/\/test.ispas-ev.de\/index.php?rest_route=\/wp\/v2\/posts\/2430"}],"collection":[{"href":"https:\/\/test.ispas-ev.de\/index.php?rest_route=\/wp\/v2\/posts"}],"about":[{"href":"https:\/\/test.ispas-ev.de\/index.php?rest_route=\/wp\/v2\/types\/post"}],"author":[{"embeddable":true,"href":"https:\/\/test.ispas-ev.de\/index.php?rest_route=\/wp\/v2\/users\/2"}],"replies":[{"embeddable":true,"href":"https:\/\/test.ispas-ev.de\/index.php?rest_route=%2Fwp%2Fv2%2Fcomments&post=2430"}],"version-history":[{"count":7,"href":"https:\/\/test.ispas-ev.de\/index.php?rest_route=\/wp\/v2\/posts\/2430\/revisions"}],"predecessor-version":[{"id":2437,"href":"https:\/\/test.ispas-ev.de\/index.php?rest_route=\/wp\/v2\/posts\/2430\/revisions\/2437"}],"wp:attachment":[{"href":"https:\/\/test.ispas-ev.de\/index.php?rest_route=%2Fwp%2Fv2%2Fmedia&parent=2430"}],"wp:term":[{"taxonomy":"category","embeddable":true,"href":"https:\/\/test.ispas-ev.de\/index.php?rest_route=%2Fwp%2Fv2%2Fcategories&post=2430"},{"taxonomy":"post_tag","embeddable":true,"href":"https:\/\/test.ispas-ev.de\/index.php?rest_route=%2Fwp%2Fv2%2Ftags&post=2430"}],"curies":[{"name":"wp","href":"https:\/\/api.w.org\/{rel}","templated":true}]}}