{"id":2226,"date":"2012-12-06T00:23:03","date_gmt":"2012-12-05T23:23:03","guid":{"rendered":"http:\/\/www.ispas-ev.de\/?p=2226"},"modified":"2013-09-25T21:17:03","modified_gmt":"2013-09-25T20:17:03","slug":"reka-ist-wieder-auf-dem-weihnachtsmarkt","status":"publish","type":"post","link":"https:\/\/test.ispas-ev.de\/?p=2226","title":{"rendered":"R\u00e9ka auf dem Sindelfinger Weihnachtsmarkt"},"content":{"rendered":"<p><span style=\"font-size: small;\">Wieder einmal hatten alle Freunde ungarischer Spezialit\u00e4ten Gelegenheit, auf dem Sindelfinger Weihnachtsmarkt zu genie\u00dfen. Unser Vorstandsmitglied R\u00e9ka hat keine M\u00fche gescheut, diese direkt aus Gy\u0151r herzubringen. R\u00e9ka und Zolt\u00e1n haben von Paprika bis ungarischer Salami und von Szaloncukor bis Beigli alles dabei, was in der Diaspora ben\u00f6tigt wird.<br \/>\nSicher hat Ihnen auch der von ihnen servierte Gl\u00fchwein zugesagt. Das Rezept ist wirklich nicht allt\u00e4glich&#8230;<\/span><\/p>\n<p><span style=\"font-size: small;\">F\u00fcr die freundliche Aufnahme bedanken sich<\/span><br \/>\n<span style=\"font-size: small;\"> <em>R\u00e9ka und Zolt\u00e1n<\/em><\/span><\/p>\n","protected":false},"excerpt":{"rendered":"<p>Wieder einmal hatten alle Freunde ungarischer Spezialit\u00e4ten Gelegenheit, auf dem Sindelfinger Weihnachtsmarkt zu genie\u00dfen. Unser Vorstandsmitglied R\u00e9ka hat keine M\u00fche gescheut, diese direkt aus Gy\u0151r herzubringen. R\u00e9ka und Zolt\u00e1n haben [&hellip;]<\/p>\n","protected":false},"author":2,"featured_media":0,"comment_status":"closed","ping_status":"closed","sticky":false,"template":"","format":"standard","meta":{"ngg_post_thumbnail":0},"categories":[35,28,17],"tags":[],"_links":{"self":[{"href":"https:\/\/test.ispas-ev.de\/index.php?rest_route=\/wp\/v2\/posts\/2226"}],"collection":[{"href":"https:\/\/test.ispas-ev.de\/index.php?rest_route=\/wp\/v2\/posts"}],"about":[{"href":"https:\/\/test.ispas-ev.de\/index.php?rest_route=\/wp\/v2\/types\/post"}],"author":[{"embeddable":true,"href":"https:\/\/test.ispas-ev.de\/index.php?rest_route=\/wp\/v2\/users\/2"}],"replies":[{"embeddable":true,"href":"https:\/\/test.ispas-ev.de\/index.php?rest_route=%2Fwp%2Fv2%2Fcomments&post=2226"}],"version-history":[{"count":16,"href":"https:\/\/test.ispas-ev.de\/index.php?rest_route=\/wp\/v2\/posts\/2226\/revisions"}],"predecessor-version":[{"id":2234,"href":"https:\/\/test.ispas-ev.de\/index.php?rest_route=\/wp\/v2\/posts\/2226\/revisions\/2234"}],"wp:attachment":[{"href":"https:\/\/test.ispas-ev.de\/index.php?rest_route=%2Fwp%2Fv2%2Fmedia&parent=2226"}],"wp:term":[{"taxonomy":"category","embeddable":true,"href":"https:\/\/test.ispas-ev.de\/index.php?rest_route=%2Fwp%2Fv2%2Fcategories&post=2226"},{"taxonomy":"post_tag","embeddable":true,"href":"https:\/\/test.ispas-ev.de\/index.php?rest_route=%2Fwp%2Fv2%2Ftags&post=2226"}],"curies":[{"name":"wp","href":"https:\/\/api.w.org\/{rel}","templated":true}]}}