{"id":2042,"date":"2012-08-18T17:21:56","date_gmt":"2012-08-18T15:21:56","guid":{"rendered":"http:\/\/www.ispas-ev.de\/?p=2042"},"modified":"2013-09-25T21:12:52","modified_gmt":"2013-09-25T20:12:52","slug":"gyorer-tandemverein-in-sindelfingen","status":"publish","type":"post","link":"https:\/\/test.ispas-ev.de\/?p=2042","title":{"rendered":"Gy\u0151rer Tandemverein in Sindelfingen"},"content":{"rendered":"<p><span style=\"font-size: small;\"><strong>16. &#8211; 17. August 2012<\/strong><\/span><\/p>\n<p><span style=\"font-size: small;\"><img decoding=\"async\" loading=\"lazy\" class=\"ngg-singlepic ngg-right alignright\" src=\"http:\/\/www.ispas-ev.de\/wp-content\/gallery\/gyor-2012-tandem\/2012-08-16-18-42-22.jpg\" alt=\"2012-08-16-18-42-22\" width=\"207\" height=\"156\" \/><\/span><span style=\"font-size: small;\">Eine Gruppe des Vereins Tandemszem aus Gy\u0151r legte auf ihrem aus 18 Tagesetappen bestehenden Weg zu den Paralympics nach London in Sindelfingen einen Ruhetag ein.<\/span><\/p>\n<p>&nbsp;<\/p>\n<p>&nbsp;<\/p>\n<p><span style=\"font-size: small;\">Die perfekt durchorganisierte Tandemfahrt von Gy\u0151r nach London stellt f\u00fcr die sehbehinderten <\/span><span style=\"font-size: small;\">Radsportler eine gro\u00dfe Herausforderung dar.<\/span><span style=\"font-size: small;\"><img decoding=\"async\" loading=\"lazy\" class=\"ngg-singlepic ngg-none alignleft\" src=\"http:\/\/www.ispas-ev.de\/wp-content\/gallery\/gyor-2012-tandem\/2012-08-16-18-42-42.jpg\" alt=\"2012-08-16-18-42-42\" width=\"230\" height=\"173\" \/><\/span><span style=\"font-size: small;\">Die Besatzung der beiden Tandems sind erprobte Sportler, die f\u00fcr die Tour eisern trainiert haben, mit dem Tandem und, da sie relativ weit auseinander wohnen, zus\u00e4tzlich auf dem Heimtrainer. Drei von ihnen sind sehbehindert, eine Sportlerin ist blind. Wie ich beobachten konnte, gehen sie sehr f\u00fcrsorglich miteinander um. Sicher eines der Geheimnisse, wie man so ein Projekt stemmen kann.<br \/>\n<\/span><\/p>\n<p><span style=\"font-size: small;\"><img decoding=\"async\" loading=\"lazy\" class=\"ngg-singlepic ngg-none alignright\" src=\"http:\/\/www.ispas-ev.de\/wp-content\/gallery\/gyor-2012-tandem\/2012-08-16-20-44-26.jpg\" alt=\"2012-08-16-20-44-26\" width=\"230\" height=\"173\" \/><\/span><span style=\"font-size: small;\">Begleitet werden sie von einem sehenden Sportler, der f\u00fcr die Navigation, Sicherheit und Landschaftsbeschreibungen zust\u00e4ndig ist, einer Begleiterin, die durch ihre Sprachkenntnisse und ihr Organisationstalent f\u00fcr den reibungslosen Ablauf und die Kommunikation mit der Heimat sorgt, und einem geduldigen Busfahrer, der immer zur Stelle ist, wenn die Truppe ihn braucht.<br \/>\n<\/span><\/p>\n<p>&nbsp;<\/p>\n<p><span style=\"font-size: small;\">Vor vier Jahren wurde die Idee geboren,\u00a0 zu den n\u00e4chsten Parolympics mit den Tandems zu fahren. Ein Jahr Vorbereitung war notwendig, um Route und Sponsoring sowie die sportliche Form sicherzustellen.<\/span><\/p>\n<p><span style=\"font-size: small;\"><img decoding=\"async\" loading=\"lazy\" class=\"ngg-singlepic ngg-left alignleft\" src=\"http:\/\/www.ispas-ev.de\/wp-content\/gallery\/gyor-2012-tandem\/2012-08-16-20-46-00.jpg\" alt=\"2012-08-16-20-46-00\" width=\"162\" height=\"216\" \/><\/span><span style=\"font-size: small;\">Dem gesamten Unternehmen und jedem seiner TeilnehmerInnen gilt meine Hochachtung! Sie haben Recht mit ihrer Einstellung, dass mit geeigneter Vorbereitung jeder bzw. jede eine herausragende sportliche Leistung vollbringen kann &#8211; und eben auch neben dem Beruf.<\/span><\/p>\n<p><span style=\"font-size: small;\">Der Stadtrundgang in Sindelfingen und die F\u00fchrung bei Daimler werden ihnen sicher noch lange in Erinnerung bleiben.<\/span><\/p>\n<p>&nbsp;<\/p>\n<p><span style=\"font-size: small;\">Gerne haben M\u00e1rton Ber\u00e9nyi und ich f\u00fcr sie gedolmetscht und freuen uns, ein kleiner Teil des Projekts gewesen zu sein.<\/span><\/p>\n<p><span style=\"font-size: small;\">Eine Information des <a href=\"http:\/\/www.ispas-ev.de\/wp-content\/uploads\/2012\/08\/Tandem_Gyor_London_Paraolimpia_2012_verz2_de-1.pdf\">Tandemvereins <\/a>(deutsch) und den <a href=\"http:\/\/www.kisalfold.hu\/blog\/tandemkerekparral_a_londoni_paralimpiara\/\">Blog <\/a>in ungarischer Sprache k\u00f6nnen Sie hier ansehen. Eine W\u00fcrdigung der hiesigen <a href=\"http:\/\/www.ispas-ev.de\/wp-content\/uploads\/2012\/08\/2012Pr\u00e4gend-f\u00fcr-das-ganze-Leben.pdf\">Presse<\/a> ebenso.<\/span><\/p>\n<p><span style=\"font-size: small;\">Claudia Giricz<\/span><\/p>\n","protected":false},"excerpt":{"rendered":"<p>16. &#8211; 17. August 2012 Eine Gruppe des Vereins Tandemszem aus Gy\u0151r legte auf ihrem aus 18 Tagesetappen bestehenden Weg zu den Paralympics nach London in Sindelfingen einen Ruhetag ein. [&hellip;]<\/p>\n","protected":false},"author":2,"featured_media":0,"comment_status":"closed","ping_status":"closed","sticky":false,"template":"","format":"standard","meta":{"ngg_post_thumbnail":0},"categories":[35,28,17],"tags":[],"_links":{"self":[{"href":"https:\/\/test.ispas-ev.de\/index.php?rest_route=\/wp\/v2\/posts\/2042"}],"collection":[{"href":"https:\/\/test.ispas-ev.de\/index.php?rest_route=\/wp\/v2\/posts"}],"about":[{"href":"https:\/\/test.ispas-ev.de\/index.php?rest_route=\/wp\/v2\/types\/post"}],"author":[{"embeddable":true,"href":"https:\/\/test.ispas-ev.de\/index.php?rest_route=\/wp\/v2\/users\/2"}],"replies":[{"embeddable":true,"href":"https:\/\/test.ispas-ev.de\/index.php?rest_route=%2Fwp%2Fv2%2Fcomments&post=2042"}],"version-history":[{"count":45,"href":"https:\/\/test.ispas-ev.de\/index.php?rest_route=\/wp\/v2\/posts\/2042\/revisions"}],"predecessor-version":[{"id":2284,"href":"https:\/\/test.ispas-ev.de\/index.php?rest_route=\/wp\/v2\/posts\/2042\/revisions\/2284"}],"wp:attachment":[{"href":"https:\/\/test.ispas-ev.de\/index.php?rest_route=%2Fwp%2Fv2%2Fmedia&parent=2042"}],"wp:term":[{"taxonomy":"category","embeddable":true,"href":"https:\/\/test.ispas-ev.de\/index.php?rest_route=%2Fwp%2Fv2%2Fcategories&post=2042"},{"taxonomy":"post_tag","embeddable":true,"href":"https:\/\/test.ispas-ev.de\/index.php?rest_route=%2Fwp%2Fv2%2Ftags&post=2042"}],"curies":[{"name":"wp","href":"https:\/\/api.w.org\/{rel}","templated":true}]}}