{"id":1885,"date":"2012-07-03T22:30:41","date_gmt":"2012-07-03T20:30:41","guid":{"rendered":"http:\/\/www.ispas-ev.de\/?p=1885"},"modified":"2013-09-25T21:12:53","modified_gmt":"2013-09-25T20:12:53","slug":"platz-der-partnerstadte-beim-internationalen-strasenfest","status":"publish","type":"post","link":"https:\/\/test.ispas-ev.de\/?p=1885","title":{"rendered":"Platz der Partnerst\u00e4dte beim \u201eInternationalen Stra\u00dfenfest\u201c"},"content":{"rendered":"<p><span style=\"font-size: small;\"><strong>vom 15. bis 17. Juni 2012<\/strong><\/span><\/p>\n<p><span style=\"font-size: small;\">Das diesj\u00e4hrige \u201eInternationale Stra\u00dfenfest\u201c war ein voller Erfolg! Das Wetter war herrlich, die Besucherinnen und Besucher str\u00f6mten herbei und belebten den Platz der Partnerst\u00e4dte durch \u00a0reges Treiben. <\/span><\/p>\n<p><span style=\"font-size: small;\">Alle waren begeistert und erfreuten sich an den vielerlei Angeboten die unsere Partnerst\u00e4dte Corbeil-Essonnes, Dronfield, Gy\u00f6r, Schaffhausen, Sondrio und Torgau mit nach Sindelfingen gebracht hatten. <\/span><\/p>\n<p><span style=\"font-size: small;\">Aus Chelm war in diesem Jahr kein Standpersonal angereist. Der Stand wurde von einer deutsch-polnischen Familie aus Sindelfingen sehr gut ausgerichtet und gut von der Bev\u00f6lkerung angenommen. Dazu trug ein extra aus Chelm angereistes Gesangduo bei, das vor dem Stand immer wieder musikalische Leckerbissen zum Besten gab. <\/span><\/p>\n<p><span style=\"font-size: small;\">Auch das B\u00fchnenprogramm der Partnerschaftsb\u00fchne war abwechslungsreich und bot Tanz, Gesang und Musik. Die ISPAS-Bar war in diesem Jahr einer der \u201eRenner\u201c ; das Barpersonal konnte dem starken Andrang kaum gerecht werden. <\/span><\/p>\n<p><span style=\"font-size: small;\">Auch wenn das Stra\u00dfenfest immer sehr viel Arbeit mit sich bringt, so ist es doch der gr\u00f6\u00dfte Event unseres Vereins und wichtig, die Kontaktpflege zu unseren Partnerst\u00e4dten weiter zu kr\u00e4ftigen, neue Verbindungen aufzubauen und Freunde zu treffen. <\/span><\/p>\n<p><span style=\"font-size: small;\">Es ist immer wieder sch\u00f6n zu beobachten, wie herzlich die verschiedenen Nationalit\u00e4ten miteinander umgehen, sich verstehen \u2013 oft auch ohne Worte. Hoffentlich kann diese j\u00e4hrliche partnerschaftliche Beziehung noch viele Jahre Bestand haben. Die Aufgabe unseres Vereins ist es, dies zu f\u00f6rdern und zu unterst\u00fctzen.<\/span><\/p>\n<p><span style=\"font-size: small;\">B.St.<\/span><\/p>\n<p>&nbsp;<\/p>\n","protected":false},"excerpt":{"rendered":"<p>vom 15. bis 17. Juni 2012 Das diesj\u00e4hrige \u201eInternationale Stra\u00dfenfest\u201c war ein voller Erfolg! Das Wetter war herrlich, die Besucherinnen und Besucher str\u00f6mten herbei und belebten den Platz der Partnerst\u00e4dte [&hellip;]<\/p>\n","protected":false},"author":2,"featured_media":0,"comment_status":"closed","ping_status":"closed","sticky":false,"template":"","format":"standard","meta":{"ngg_post_thumbnail":0},"categories":[35,23,25,22,28,17,19,24,27,21],"tags":[],"_links":{"self":[{"href":"https:\/\/test.ispas-ev.de\/index.php?rest_route=\/wp\/v2\/posts\/1885"}],"collection":[{"href":"https:\/\/test.ispas-ev.de\/index.php?rest_route=\/wp\/v2\/posts"}],"about":[{"href":"https:\/\/test.ispas-ev.de\/index.php?rest_route=\/wp\/v2\/types\/post"}],"author":[{"embeddable":true,"href":"https:\/\/test.ispas-ev.de\/index.php?rest_route=\/wp\/v2\/users\/2"}],"replies":[{"embeddable":true,"href":"https:\/\/test.ispas-ev.de\/index.php?rest_route=%2Fwp%2Fv2%2Fcomments&post=1885"}],"version-history":[{"count":18,"href":"https:\/\/test.ispas-ev.de\/index.php?rest_route=\/wp\/v2\/posts\/1885\/revisions"}],"predecessor-version":[{"id":2291,"href":"https:\/\/test.ispas-ev.de\/index.php?rest_route=\/wp\/v2\/posts\/1885\/revisions\/2291"}],"wp:attachment":[{"href":"https:\/\/test.ispas-ev.de\/index.php?rest_route=%2Fwp%2Fv2%2Fmedia&parent=1885"}],"wp:term":[{"taxonomy":"category","embeddable":true,"href":"https:\/\/test.ispas-ev.de\/index.php?rest_route=%2Fwp%2Fv2%2Fcategories&post=1885"},{"taxonomy":"post_tag","embeddable":true,"href":"https:\/\/test.ispas-ev.de\/index.php?rest_route=%2Fwp%2Fv2%2Ftags&post=1885"}],"curies":[{"name":"wp","href":"https:\/\/api.w.org\/{rel}","templated":true}]}}