{"id":1597,"date":"2012-04-17T10:47:54","date_gmt":"2012-04-17T09:47:54","guid":{"rendered":"http:\/\/www.ispas-ev.de\/?p=1597"},"modified":"2013-09-25T21:24:35","modified_gmt":"2013-09-25T20:24:35","slug":"torgau-schuler-des-ggs-recherchieren-uber-die-stadtepartnerschaft","status":"publish","type":"post","link":"https:\/\/test.ispas-ev.de\/?p=1597","title":{"rendered":"Torgau &#8211; Sch\u00fcler des GGS recherchieren \u00fcber die St\u00e4dtepartnerschaft"},"content":{"rendered":"<p><span style=\"font-size: small; font-family: arial,helvetica,sans-serif;\">In einer interessanten Reihe von Zeitungsartikeln bei der SZ\/BZ ver\u00f6ffentlichten Sch\u00fcler des Goldberggymnasiums ihre Recherchen \u00fcber die Rolle der Stasi im Rahmen der St\u00e4dtepartnerschaft zwischen Torgau und Sindelfingen.<\/span><\/p>\n<p><span style=\"font-size: small; font-family: arial,helvetica,sans-serif;\">Hier k\u00f6nnen Sie die Beitr\u00e4ge nachlesen:<\/span><\/p>\n<table border=\"0\" cellspacing=\"10\" cellpadding=\"5\">\n<tbody>\n<tr>\n<td align=\"right\"><span style=\"font-size: small; font-family: arial,helvetica,sans-serif;\"><a href=\"http:\/\/www.ispas-ev.de\/wp-content\/uploads\/2012\/04\/120303Torgau-Die-Rolle-der-Stasi.pdf\">3.3.2012<\/a><\/span><\/td>\n<td><span style=\"font-size: small; font-family: arial,helvetica,sans-serif;\"><a href=\"http:\/\/www.ispas-ev.de\/wp-content\/uploads\/2012\/04\/120303Torgau-Die-Rolle-der-Stasi.pdf\">\u00a0 Die Rolle der Stasi<\/a><\/span><\/td>\n<\/tr>\n<tr>\n<td align=\"right\"><span style=\"font-size: small; font-family: arial,helvetica,sans-serif;\"><a href=\"http:\/\/www.ispas-ev.de\/wp-content\/uploads\/2012\/04\/120305Torgau-Fester-Wille-bei-der-Partnersuche.pdf\">5.3.2012<\/a><\/span><\/td>\n<td><span style=\"font-size: small; font-family: arial,helvetica,sans-serif;\"><a href=\"http:\/\/www.ispas-ev.de\/wp-content\/uploads\/2012\/04\/120305Torgau-Fester-Wille-bei-der-Partnersuche.pdf\">\u00a0 Fester Wille bei der Partnersuche<\/a><\/span><\/td>\n<\/tr>\n<tr>\n<td align=\"right\"><span style=\"font-size: small; font-family: arial,helvetica,sans-serif;\"><a href=\"http:\/\/www.ispas-ev.de\/wp-content\/uploads\/2012\/04\/120308Torgau-IM-\u201eKr\u00fcger\u201c-warnt-vor-den-Zielen-die-OB-Dr.-Dieter-Burger-verfolgt.pdf\">8.3.2012<\/a><\/span><\/td>\n<td><span style=\"font-size: small; font-family: arial,helvetica,sans-serif;\"><a href=\"http:\/\/www.ispas-ev.de\/wp-content\/uploads\/2012\/04\/120308Torgau-IM-\u201eKr\u00fcger\u201c-warnt-vor-den-Zielen-die-OB-Dr.-Dieter-Burger-verfolgt.pdf\">\u00a0 IM \u201eKr\u00fcger\u201c warnt vor den Zielen, die OB Dr. Dieter Burger verfolgt<\/a><\/span><\/td>\n<\/tr>\n<tr>\n<td align=\"right\"><span style=\"font-size: small; font-family: arial,helvetica,sans-serif;\"><a href=\"http:\/\/www.ispas-ev.de\/wp-content\/uploads\/2012\/04\/120313Torgau-Keine-Kontakte-zu-Privatpersonen.pdf\">13.3.2012<\/a><\/span><\/td>\n<td><span style=\"font-size: small; font-family: arial,helvetica,sans-serif;\"><a href=\"http:\/\/www.ispas-ev.de\/wp-content\/uploads\/2012\/04\/120313Torgau-Keine-Kontakte-zu-Privatpersonen.pdf\">\u00a0 Keine Kontakte zu Privatpersonen<\/a><\/span><\/td>\n<\/tr>\n<tr>\n<td align=\"right\"><span style=\"font-size: small; font-family: arial,helvetica,sans-serif;\"><a href=\"http:\/\/www.ispas-ev.de\/wp-content\/uploads\/2012\/04\/120323Torgau-Ich-bin-nachts-ausgeb\u00fcxt-wie-eine-Sch\u00fclerin.pdf\">23.3.2012<\/a><\/span><\/td>\n<td><span style=\"font-size: small; font-family: arial,helvetica,sans-serif;\"><a href=\"http:\/\/www.ispas-ev.de\/wp-content\/uploads\/2012\/04\/120323Torgau-Ich-bin-nachts-ausgeb\u00fcxt-wie-eine-Sch\u00fclerin.pdf\">\u00a0 Ich bin nachts ausgeb\u00fcxt wie eine Sch\u00fclerin<\/a><\/span><\/td>\n<\/tr>\n<tr>\n<td align=\"right\"><span style=\"font-size: small; font-family: arial,helvetica,sans-serif;\"><a href=\"http:\/\/www.ispas-ev.de\/wp-content\/uploads\/2012\/04\/120404Torgau-Nur-ausweichende-Antworten.pdf\">4.4.2012<\/a><\/span><\/td>\n<td><span style=\"font-size: small; font-family: arial,helvetica,sans-serif;\"><a href=\"http:\/\/www.ispas-ev.de\/wp-content\/uploads\/2012\/04\/120404Torgau-Nur-ausweichende-Antworten.pdf\">\u00a0 Nur ausweichende Antworten<\/a><\/span><\/td>\n<\/tr>\n<tr>\n<td align=\"right\"><span style=\"font-size: small; font-family: arial,helvetica,sans-serif;\"><a href=\"http:\/\/www.ispas-ev.de\/wp-content\/uploads\/2012\/04\/120404Torgau-Kirche-und-Pfarrer-sind-im-Visier.pdf\">4.4.2012<\/a><\/span><\/td>\n<td><span style=\"font-size: small; font-family: arial,helvetica,sans-serif;\"><a href=\"http:\/\/www.ispas-ev.de\/wp-content\/uploads\/2012\/04\/120404Torgau-Kirche-und-Pfarrer-sind-im-Visier.pdf\">\u00a0 Kirche und Pfarrer sind im Visier<\/a><\/span><\/td>\n<\/tr>\n<\/tbody>\n<\/table>\n","protected":false},"excerpt":{"rendered":"<p>In einer interessanten Reihe von Zeitungsartikeln bei der SZ\/BZ ver\u00f6ffentlichten Sch\u00fcler des Goldberggymnasiums ihre Recherchen \u00fcber die Rolle der Stasi im Rahmen der St\u00e4dtepartnerschaft zwischen Torgau und Sindelfingen. Hier k\u00f6nnen [&hellip;]<\/p>\n","protected":false},"author":2,"featured_media":0,"comment_status":"closed","ping_status":"closed","sticky":false,"template":"","format":"standard","meta":{"ngg_post_thumbnail":0},"categories":[35,17,21],"tags":[],"_links":{"self":[{"href":"https:\/\/test.ispas-ev.de\/index.php?rest_route=\/wp\/v2\/posts\/1597"}],"collection":[{"href":"https:\/\/test.ispas-ev.de\/index.php?rest_route=\/wp\/v2\/posts"}],"about":[{"href":"https:\/\/test.ispas-ev.de\/index.php?rest_route=\/wp\/v2\/types\/post"}],"author":[{"embeddable":true,"href":"https:\/\/test.ispas-ev.de\/index.php?rest_route=\/wp\/v2\/users\/2"}],"replies":[{"embeddable":true,"href":"https:\/\/test.ispas-ev.de\/index.php?rest_route=%2Fwp%2Fv2%2Fcomments&post=1597"}],"version-history":[{"count":23,"href":"https:\/\/test.ispas-ev.de\/index.php?rest_route=\/wp\/v2\/posts\/1597\/revisions"}],"predecessor-version":[{"id":2216,"href":"https:\/\/test.ispas-ev.de\/index.php?rest_route=\/wp\/v2\/posts\/1597\/revisions\/2216"}],"wp:attachment":[{"href":"https:\/\/test.ispas-ev.de\/index.php?rest_route=%2Fwp%2Fv2%2Fmedia&parent=1597"}],"wp:term":[{"taxonomy":"category","embeddable":true,"href":"https:\/\/test.ispas-ev.de\/index.php?rest_route=%2Fwp%2Fv2%2Fcategories&post=1597"},{"taxonomy":"post_tag","embeddable":true,"href":"https:\/\/test.ispas-ev.de\/index.php?rest_route=%2Fwp%2Fv2%2Ftags&post=1597"}],"curies":[{"name":"wp","href":"https:\/\/api.w.org\/{rel}","templated":true}]}}