{"id":1536,"date":"2012-03-24T17:43:09","date_gmt":"2012-03-24T15:43:09","guid":{"rendered":"http:\/\/www.ispas-ev.de\/?p=1536"},"modified":"2013-09-25T21:12:53","modified_gmt":"2013-09-25T20:12:53","slug":"venezianischer-karneval-corbeil-essonnes-ludwigsburg","status":"publish","type":"post","link":"https:\/\/test.ispas-ev.de\/?p=1536","title":{"rendered":"Venezianischer Karneval Corbeil-Essonnes &#8211; Ludwigsburg"},"content":{"rendered":"<p><span style=\"font-size: small; font-family: arial,helvetica,sans-serif;\">Im <strong>September<\/strong> besuchen uns 15 Mitglieder eine Karnevalsvereins aus Corbeil-Essonnes, um am Venezianischen Karneval in Ludwigsburg teilzunehmen.<\/span><\/p>\n<p><span style=\"font-size: small; font-family: arial,helvetica,sans-serif;\">Hierf\u00fcr werden noch G\u00e4stezimmer gesucht.<\/span><\/p>\n<p><span style=\"font-size: small; font-family: arial,helvetica,sans-serif;\">Kontakt \u00fcber <a href=\"mailto:info@ispas-ev.de\">Dorothea B\u00fchler<\/a><\/span><\/p>\n","protected":false},"excerpt":{"rendered":"<p>Im September besuchen uns 15 Mitglieder eine Karnevalsvereins aus Corbeil-Essonnes, um am Venezianischen Karneval in Ludwigsburg teilzunehmen. Hierf\u00fcr werden noch G\u00e4stezimmer gesucht. Kontakt \u00fcber Dorothea B\u00fchler<\/p>\n","protected":false},"author":2,"featured_media":0,"comment_status":"closed","ping_status":"closed","sticky":false,"template":"","format":"standard","meta":{"ngg_post_thumbnail":0},"categories":[35,25,17],"tags":[],"_links":{"self":[{"href":"https:\/\/test.ispas-ev.de\/index.php?rest_route=\/wp\/v2\/posts\/1536"}],"collection":[{"href":"https:\/\/test.ispas-ev.de\/index.php?rest_route=\/wp\/v2\/posts"}],"about":[{"href":"https:\/\/test.ispas-ev.de\/index.php?rest_route=\/wp\/v2\/types\/post"}],"author":[{"embeddable":true,"href":"https:\/\/test.ispas-ev.de\/index.php?rest_route=\/wp\/v2\/users\/2"}],"replies":[{"embeddable":true,"href":"https:\/\/test.ispas-ev.de\/index.php?rest_route=%2Fwp%2Fv2%2Fcomments&post=1536"}],"version-history":[{"count":8,"href":"https:\/\/test.ispas-ev.de\/index.php?rest_route=\/wp\/v2\/posts\/1536\/revisions"}],"predecessor-version":[{"id":2224,"href":"https:\/\/test.ispas-ev.de\/index.php?rest_route=\/wp\/v2\/posts\/1536\/revisions\/2224"}],"wp:attachment":[{"href":"https:\/\/test.ispas-ev.de\/index.php?rest_route=%2Fwp%2Fv2%2Fmedia&parent=1536"}],"wp:term":[{"taxonomy":"category","embeddable":true,"href":"https:\/\/test.ispas-ev.de\/index.php?rest_route=%2Fwp%2Fv2%2Fcategories&post=1536"},{"taxonomy":"post_tag","embeddable":true,"href":"https:\/\/test.ispas-ev.de\/index.php?rest_route=%2Fwp%2Fv2%2Ftags&post=1536"}],"curies":[{"name":"wp","href":"https:\/\/api.w.org\/{rel}","templated":true}]}}